{"id":5307,"date":"2026-03-18T16:45:51","date_gmt":"2026-03-18T15:45:51","guid":{"rendered":"https:\/\/agora.xtec.cat\/ceipelsametllers\/?p=5307"},"modified":"2026-04-22T13:25:18","modified_gmt":"2026-04-22T11:25:18","slug":"sortida-i3-i4-parc-sama","status":"publish","type":"post","link":"https:\/\/agora.xtec.cat\/ceipelsametllers\/general\/sortida-i3-i4-parc-sama\/","title":{"rendered":"Sortida I3-I4 Parc Sam\u00e0"},"content":{"rendered":"<p>Els nens i nenes de 3 i 4 anys hem fet una sortida al Parc Sam\u00e0 de Cambrils. Va ser una experi\u00e8ncia molt bonica, ja que els infants vam poder observar diferents tipus de plantes i d&#8217;animals que hi ha en aquest parc:\u00a0\u00e0necs, ruquets, daines, paons, peixos\u2026<\/p>\n<p>Ho vam passar molt b\u00e9!<\/p>\n<p>Si voleu veure algunes fotos, podeu fer <a href=\"https:\/\/drive.google.com\/drive\/folders\/1800jsxtiBc7gb_KCe0zu0bSvSjDYJBUb?usp=sharing\">CLICK AQU\u00cd.<\/a><\/p>\n","protected":false},"excerpt":{"rendered":"<p>Els nens i nenes de 3 i 4 anys hem fet una sortida al Parc Sam\u00e0 de Cambrils. Va ser una experi\u00e8ncia molt bonica, ja que els infants vam poder observar diferents tipus de plantes i d&#8217;animals que hi ha en aquest parc:\u00a0\u00e0necs, ruquets, daines,&hellip;  <a href=\"https:\/\/agora.xtec.cat\/ceipelsametllers\/general\/sortida-i3-i4-parc-sama\/\" title=\"Read Sortida I3-I4 Parc Sam\u00e0\">Llegeix m\u00e9s\u00bb<\/a><\/p>\n","protected":false},"author":3,"featured_media":5324,"comment_status":"open","ping_status":"open","sticky":false,"template":"","format":"standard","meta":{"_bbp_topic_count":0,"_bbp_reply_count":0,"_bbp_total_topic_count":0,"_bbp_total_reply_count":0,"_bbp_voice_count":0,"_bbp_anonymous_reply_count":0,"_bbp_topic_count_hidden":0,"_bbp_reply_count_hidden":0,"_bbp_forum_subforum_count":0,"footnotes":""},"categories":[37,1,3,8,9,2,4],"tags":[],"class_list":["post-5307","post","type-post","status-publish","format-standard","has-post-thumbnail","hentry","category-escola","category-general","category-i3","category-i4","category-i5","category-infantil","category-portada"],"post_mailing_queue_ids":[],"_links":{"self":[{"href":"https:\/\/agora.xtec.cat\/ceipelsametllers\/wp-json\/wp\/v2\/posts\/5307","targetHints":{"allow":["GET"]}}],"collection":[{"href":"https:\/\/agora.xtec.cat\/ceipelsametllers\/wp-json\/wp\/v2\/posts"}],"about":[{"href":"https:\/\/agora.xtec.cat\/ceipelsametllers\/wp-json\/wp\/v2\/types\/post"}],"author":[{"embeddable":true,"href":"https:\/\/agora.xtec.cat\/ceipelsametllers\/wp-json\/wp\/v2\/users\/3"}],"replies":[{"embeddable":true,"href":"https:\/\/agora.xtec.cat\/ceipelsametllers\/wp-json\/wp\/v2\/comments?post=5307"}],"version-history":[{"count":1,"href":"https:\/\/agora.xtec.cat\/ceipelsametllers\/wp-json\/wp\/v2\/posts\/5307\/revisions"}],"predecessor-version":[{"id":5312,"href":"https:\/\/agora.xtec.cat\/ceipelsametllers\/wp-json\/wp\/v2\/posts\/5307\/revisions\/5312"}],"wp:featuredmedia":[{"embeddable":true,"href":"https:\/\/agora.xtec.cat\/ceipelsametllers\/wp-json\/wp\/v2\/media\/5324"}],"wp:attachment":[{"href":"https:\/\/agora.xtec.cat\/ceipelsametllers\/wp-json\/wp\/v2\/media?parent=5307"}],"wp:term":[{"taxonomy":"category","embeddable":true,"href":"https:\/\/agora.xtec.cat\/ceipelsametllers\/wp-json\/wp\/v2\/categories?post=5307"},{"taxonomy":"post_tag","embeddable":true,"href":"https:\/\/agora.xtec.cat\/ceipelsametllers\/wp-json\/wp\/v2\/tags?post=5307"}],"curies":[{"name":"wp","href":"https:\/\/api.w.org\/{rel}","templated":true}]}}