{"id":5303,"date":"2026-03-03T10:41:36","date_gmt":"2026-03-03T09:41:36","guid":{"rendered":"https:\/\/agora.xtec.cat\/ceipelsametllers\/?p=5303"},"modified":"2026-04-17T12:28:48","modified_gmt":"2026-04-17T10:28:48","slug":"els-tallers-de-cicle-inicial","status":"publish","type":"post","link":"https:\/\/agora.xtec.cat\/ceipelsametllers\/general\/els-tallers-de-cicle-inicial\/","title":{"rendered":"Els tallers de cicle inicial"},"content":{"rendered":"<p><span style=\"font-weight: 400;\">Des del Cicle Inicial de l\u2019escola tenim en marxa uns tallers per potenciar els sabers de matem\u00e0tiques, llengua i educaci\u00f3 f\u00edsica. L\u2019objectiu \u00e9s poder acompanyar l\u2019alumnat en el seu proc\u00e9s d\u2019aprenentatge i refor\u00e7ar tot all\u00f2 que estan treballant d\u2019una manera m\u00e9s l\u00fadica i motivadora.<\/span><\/p>\n<p><span style=\"font-weight: 400;\">En aquests espais es treballen el c\u00e0lcul i la recta num\u00e8rica a partir de jocs, en l\u2019\u00e0mbit de matem\u00e0tiques; trencaclosques i activitats de l\u00e8xic per potenciar l\u2019expressi\u00f3 oral i escrita, en l\u2019\u00e0mbit de lleng\u00fces; i tamb\u00e9 es continua avan\u00e7ant en la millora de les habilitats motrius, la consci\u00e8ncia de pertinen\u00e7a a un equip i la creativitat en educaci\u00f3 f\u00edsica.\u00a0<\/span><\/p>\n<p><span style=\"font-weight: 400;\">El fet de tenir grups redu\u00efts i agrupats segons nivells d\u2019exig\u00e8ncia ens ajuda a respectar els diferents ritmes de treball i, de manera indirecta, a potenciar la confian\u00e7a en un mateix.<\/span><\/p>\n<p><span style=\"font-weight: 400;\">Us fem arribar algunes imatges dels tallers a trav\u00e9s del seg\u00fcent enlla\u00e7: <\/span><a href=\"https:\/\/drive.google.com\/drive\/folders\/1KNBMsiofPmF6KqMRq42AGSift2OpkjpB\"><span style=\"font-weight: 400;\">https:\/\/drive.google.com\/drive\/folders\/1KNBMsiofPmF6KqMRq42AGSift2OpkjpB<\/span><\/a><\/p>\n<p><span style=\"font-weight: 400;\">Moltes gr\u00e0cies!<\/span><\/p>\n<p><span style=\"font-weight: 400;\">Seguim!<\/span><\/p>\n","protected":false},"excerpt":{"rendered":"<p>Des del Cicle Inicial de l\u2019escola tenim en marxa uns tallers per potenciar els sabers de matem\u00e0tiques, llengua i educaci\u00f3 f\u00edsica. L\u2019objectiu \u00e9s poder acompanyar l\u2019alumnat en el seu proc\u00e9s d\u2019aprenentatge i refor\u00e7ar tot all\u00f2 que estan treballant d\u2019una manera m\u00e9s l\u00fadica i motivadora.<br \/>\nEn aquests&hellip;  <a href=\"https:\/\/agora.xtec.cat\/ceipelsametllers\/general\/els-tallers-de-cicle-inicial\/\" title=\"Read Els tallers de cicle inicial\">Llegeix m\u00e9s\u00bb<\/a><\/p>\n","protected":false},"author":3,"featured_media":5305,"comment_status":"open","ping_status":"open","sticky":false,"template":"","format":"standard","meta":{"_bbp_topic_count":0,"_bbp_reply_count":0,"_bbp_total_topic_count":0,"_bbp_total_reply_count":0,"_bbp_voice_count":0,"_bbp_anonymous_reply_count":0,"_bbp_topic_count_hidden":0,"_bbp_reply_count_hidden":0,"_bbp_forum_subforum_count":0,"footnotes":""},"categories":[10,11,37,1,4,5],"tags":[],"class_list":["post-5303","post","type-post","status-publish","format-standard","has-post-thumbnail","hentry","category-1r","category-2n","category-escola","category-general","category-portada","category-primaria"],"post_mailing_queue_ids":[],"_links":{"self":[{"href":"https:\/\/agora.xtec.cat\/ceipelsametllers\/wp-json\/wp\/v2\/posts\/5303","targetHints":{"allow":["GET"]}}],"collection":[{"href":"https:\/\/agora.xtec.cat\/ceipelsametllers\/wp-json\/wp\/v2\/posts"}],"about":[{"href":"https:\/\/agora.xtec.cat\/ceipelsametllers\/wp-json\/wp\/v2\/types\/post"}],"author":[{"embeddable":true,"href":"https:\/\/agora.xtec.cat\/ceipelsametllers\/wp-json\/wp\/v2\/users\/3"}],"replies":[{"embeddable":true,"href":"https:\/\/agora.xtec.cat\/ceipelsametllers\/wp-json\/wp\/v2\/comments?post=5303"}],"version-history":[{"count":2,"href":"https:\/\/agora.xtec.cat\/ceipelsametllers\/wp-json\/wp\/v2\/posts\/5303\/revisions"}],"predecessor-version":[{"id":5306,"href":"https:\/\/agora.xtec.cat\/ceipelsametllers\/wp-json\/wp\/v2\/posts\/5303\/revisions\/5306"}],"wp:featuredmedia":[{"embeddable":true,"href":"https:\/\/agora.xtec.cat\/ceipelsametllers\/wp-json\/wp\/v2\/media\/5305"}],"wp:attachment":[{"href":"https:\/\/agora.xtec.cat\/ceipelsametllers\/wp-json\/wp\/v2\/media?parent=5303"}],"wp:term":[{"taxonomy":"category","embeddable":true,"href":"https:\/\/agora.xtec.cat\/ceipelsametllers\/wp-json\/wp\/v2\/categories?post=5303"},{"taxonomy":"post_tag","embeddable":true,"href":"https:\/\/agora.xtec.cat\/ceipelsametllers\/wp-json\/wp\/v2\/tags?post=5303"}],"curies":[{"name":"wp","href":"https:\/\/api.w.org\/{rel}","templated":true}]}}