{"id":5240,"date":"2026-01-16T13:39:17","date_gmt":"2026-01-16T12:39:17","guid":{"rendered":"https:\/\/agora.xtec.cat\/ceipelsametllers\/?p=5240"},"modified":"2026-03-11T15:43:59","modified_gmt":"2026-03-11T14:43:59","slug":"viatge-port-aine-6e","status":"publish","type":"post","link":"https:\/\/agora.xtec.cat\/ceipelsametllers\/general\/viatge-port-aine-6e\/","title":{"rendered":"Viatge Port Ain\u00e9 6\u00e8"},"content":{"rendered":"<p data-start=\"46\" data-end=\"141\">L\u2019alumnat de 6\u00e9 ha gaudit d\u2019uns dies inoblidables a <strong data-start=\"98\" data-end=\"111\">Port Ain\u00e9<\/strong>, envoltats de natura i neu.<\/p>\n<p data-start=\"143\" data-end=\"300\">Han apr\u00e8s i millorat les seues habilitats a l\u2019esqu\u00ed, han compartit moments de conviv\u00e8ncia i han viscut una experi\u00e8ncia plena d\u2019emocions, esfor\u00e7 i diversi\u00f3.<\/p>\n<p data-start=\"302\" data-end=\"346\" data-is-last-node=\"\" data-is-only-node=\"\">Un viatge que segur recordaran sempre! \u26f7\ufe0f\ud83c\udfd4\ufe0f<\/p>\n<p data-start=\"302\" data-end=\"346\" data-is-last-node=\"\" data-is-only-node=\"\"><a href=\"https:\/\/drive.google.com\/drive\/folders\/1yqh_AJi9lTIXtsTgyEIwiq7agr7zWP5W?usp=sharing\">Viatge Port Ain\u00e9 6\u00e8<\/a><\/p>\n","protected":false},"excerpt":{"rendered":"<p>L\u2019alumnat de 6\u00e9 ha gaudit d\u2019uns dies inoblidables a Port Ain\u00e9, envoltats de natura i neu.<br \/>\nHan apr\u00e8s i millorat les seues habilitats a l\u2019esqu\u00ed, han compartit moments de conviv\u00e8ncia i han viscut una experi\u00e8ncia plena d\u2019emocions, esfor\u00e7 i diversi\u00f3.<br \/>\nUn viatge que segur recordaran sempre! \u26f7\ufe0f\ud83c\udfd4\ufe0f<br \/>\n<a&hellip;  <a href=\"https:\/\/agora.xtec.cat\/ceipelsametllers\/general\/viatge-port-aine-6e\/\" title=\"Read Viatge Port Ain\u00e9 6\u00e8\">Llegeix m\u00e9s\u00bb<\/a><\/p>\n","protected":false},"author":3,"featured_media":5250,"comment_status":"open","ping_status":"open","sticky":false,"template":"","format":"standard","meta":{"_bbp_topic_count":0,"_bbp_reply_count":0,"_bbp_total_topic_count":0,"_bbp_total_reply_count":0,"_bbp_voice_count":0,"_bbp_anonymous_reply_count":0,"_bbp_topic_count_hidden":0,"_bbp_reply_count_hidden":0,"_bbp_forum_subforum_count":0,"footnotes":""},"categories":[15,37,1,4,5],"tags":[],"class_list":["post-5240","post","type-post","status-publish","format-standard","has-post-thumbnail","hentry","category-6e","category-escola","category-general","category-portada","category-primaria"],"post_mailing_queue_ids":[],"_links":{"self":[{"href":"https:\/\/agora.xtec.cat\/ceipelsametllers\/wp-json\/wp\/v2\/posts\/5240","targetHints":{"allow":["GET"]}}],"collection":[{"href":"https:\/\/agora.xtec.cat\/ceipelsametllers\/wp-json\/wp\/v2\/posts"}],"about":[{"href":"https:\/\/agora.xtec.cat\/ceipelsametllers\/wp-json\/wp\/v2\/types\/post"}],"author":[{"embeddable":true,"href":"https:\/\/agora.xtec.cat\/ceipelsametllers\/wp-json\/wp\/v2\/users\/3"}],"replies":[{"embeddable":true,"href":"https:\/\/agora.xtec.cat\/ceipelsametllers\/wp-json\/wp\/v2\/comments?post=5240"}],"version-history":[{"count":3,"href":"https:\/\/agora.xtec.cat\/ceipelsametllers\/wp-json\/wp\/v2\/posts\/5240\/revisions"}],"predecessor-version":[{"id":5251,"href":"https:\/\/agora.xtec.cat\/ceipelsametllers\/wp-json\/wp\/v2\/posts\/5240\/revisions\/5251"}],"wp:featuredmedia":[{"embeddable":true,"href":"https:\/\/agora.xtec.cat\/ceipelsametllers\/wp-json\/wp\/v2\/media\/5250"}],"wp:attachment":[{"href":"https:\/\/agora.xtec.cat\/ceipelsametllers\/wp-json\/wp\/v2\/media?parent=5240"}],"wp:term":[{"taxonomy":"category","embeddable":true,"href":"https:\/\/agora.xtec.cat\/ceipelsametllers\/wp-json\/wp\/v2\/categories?post=5240"},{"taxonomy":"post_tag","embeddable":true,"href":"https:\/\/agora.xtec.cat\/ceipelsametllers\/wp-json\/wp\/v2\/tags?post=5240"}],"curies":[{"name":"wp","href":"https:\/\/api.w.org\/{rel}","templated":true}]}}