{"id":5234,"date":"2026-03-06T15:00:34","date_gmt":"2026-03-06T14:00:34","guid":{"rendered":"https:\/\/agora.xtec.cat\/ceipelsametllers\/?p=5234"},"modified":"2026-03-11T23:20:01","modified_gmt":"2026-03-11T22:20:01","slug":"fem-ambients-a-educacio-infantil","status":"publish","type":"post","link":"https:\/\/agora.xtec.cat\/ceipelsametllers\/general\/fem-ambients-a-educacio-infantil\/","title":{"rendered":"Fem ambients d&#8217;aprenentatge a Educaci\u00f3 Infantil"},"content":{"rendered":"<p>A les aules d&#8217;Educaci\u00f3 Infantil, cada dimarts i dimecres fem ambients d&#8217;aprenentatge de lliure circulaci\u00f3. Durant aquestes estones els infants tenen l&#8217;oportunitat de construir els seus aprenentatges de manera aut\u00f2noma.<\/p>\n<p>Cada mat\u00ed, els infants decideixen pr\u00e8viament a quin ambient volen anar, respectant els seus interessos i necessitats del moment. Un cop arriben a l&#8217;ambient, si passat un temps, aquest no respon a les seves necessitats, pot anar a un altre si hi ha lloc.<\/p>\n<p>Quan l&#8217;infant entra a cada ambient, es troba diverses propostes d\u2019un mateix tema. T\u00e9 l\u2019oportunitat d\u2019experimentar i jugar en qualsevol de les provocacions i compartir-ho amb infants d\u2019altres grups o nivells (I3, I4 i I5).\u00a0Els ambients que tenim actualment s\u00f3n 5:<\/p>\n<ul>\n<li><strong>Ambient de Llums i Ombres:<\/strong> ubicat a l\u2019aula de psicomotricitat i caracteritzat per un clima fosc i propostes molt visibles.\u00a0\u00c9s un ambient on s\u2019utilitzen materials relacionats amb les llums, les ombres, els colors i les transpar\u00e8ncies (slime fosforescent, llum negra, retoladors&#8230;). Els infants creen, investiguen i experimenten a trav\u00e9s de tots aquests materials. L\u2019activitat cient\u00edfica es converteix en un centre d\u2019experimentaci\u00f3 art\u00edstica.<\/li>\n<li><strong>Ambient de Grafisme:<\/strong> ubicat a l\u2019aula d\u2019I4B i s\u2019hi troben propostes de grafisme creatiu, lletres i consci\u00e8ncia fonol\u00f2gica&#8230;\u00a0 Els infants descobreixen i practiquen diferents tipus de tra\u00e7os i realitzen propostes per millorar la seva coordinaci\u00f3 \u00f2culo-manual i la motricitat fina.<\/li>\n<li><strong>Ambient d\u2019Art:<\/strong> ubicat a l\u2019aula d\u2019I5. Aquest ambient est\u00e0 format per diferents materials i recursos que permeten als infants expressar-se, crear, experimentar i dissenyar mitjan\u00e7ant el llenguatge art\u00edstic i po\u00e8tic, aix\u00ed com apropar-se a les vides i les t\u00e8cniques de diferents artistes, pintors\/es, escultors&#8230; Els infants experimenten totes les possibilitats que els poden oferir materials i textures diverses, com: pintures, elements de la natura, cordills, fang\u2026<\/li>\n<li><strong>Ambient d\u2019Experimentaci\u00f3:<\/strong> Ubicat a l\u2019aula d\u2019I3, on trobem propostes on l\u2019alumnat pot experimentar amb rampes, balances, aigua i diferents textures per realitzar traspassos etc\u2026Reptes on els infants descobriran nocions de f\u00edsica, de matem\u00e0tica i l\u00f2gica.<\/li>\n<li><strong>Ambient de Construccions:<\/strong> Es localitza a l\u2019aula d&#8217;I4A. Els infants munten les seves pr\u00f2pies estructures construint, fent i desfent, aix\u00ed com experimentant amb diferents materials: peces Kapla, GiGi, trencaclosques, formes geom\u00e8triques i material manipulatiu. Tamb\u00e9 hi troben propostes amb una vessant m\u00e9s art\u00edstica (construir igl\u00fas, fer robots amb materials reciclats&#8230;) i s\u2019inicien<br \/>\nen conceptes relacionats amb l\u2019\u00e0mbit matem\u00e0tic (mides, formes geom\u00e8triques&#8230;).<\/li>\n<\/ul>\n<p>Els ambients d&#8217;aprenentatge els ofereixen l&#8217;oportunitat d&#8217;aprendre a trav\u00e9s del joc, l&#8217;experimentaci\u00f3, l&#8217;observaci\u00f3 i la manipulaci\u00f3.<\/p>\n<p>Volem que el nostre alumnat gaudeixi, jugui i aprengui de manera significativa.<\/p>\n<p>Us posem unes fotos per a que us feu una idea. <a href=\"https:\/\/drive.google.com\/drive\/folders\/1SpmtnhqsHx87Y8hdVKSr8HklsPYXNv1D?usp=sharing\">FES CLICK AQU\u00cd.<\/a><\/p>\n<p>L&#8217;Equip d&#8217;Educaci\u00f3 Infantil.<\/p>\n<p>&nbsp;<\/p>\n<p>&nbsp;<\/p>\n","protected":false},"excerpt":{"rendered":"<p>A les aules d&#8217;Educaci\u00f3 Infantil, cada dimarts i dimecres fem ambients d&#8217;aprenentatge de lliure circulaci\u00f3. Durant aquestes estones els infants tenen l&#8217;oportunitat de construir els seus aprenentatges de manera aut\u00f2noma.<br \/>\nCada mat\u00ed, els infants decideixen pr\u00e8viament a quin ambient volen anar, respectant els seus interessos i&hellip;  <a href=\"https:\/\/agora.xtec.cat\/ceipelsametllers\/general\/fem-ambients-a-educacio-infantil\/\" title=\"Read Fem ambients d&#8217;aprenentatge a Educaci\u00f3 Infantil\">Llegeix m\u00e9s\u00bb<\/a><\/p>\n","protected":false},"author":3,"featured_media":5248,"comment_status":"open","ping_status":"open","sticky":false,"template":"","format":"standard","meta":{"_bbp_topic_count":0,"_bbp_reply_count":0,"_bbp_total_topic_count":0,"_bbp_total_reply_count":0,"_bbp_voice_count":0,"_bbp_anonymous_reply_count":0,"_bbp_topic_count_hidden":0,"_bbp_reply_count_hidden":0,"_bbp_forum_subforum_count":0,"footnotes":""},"categories":[1,3,8,9,2,4],"tags":[],"class_list":["post-5234","post","type-post","status-publish","format-standard","has-post-thumbnail","hentry","category-general","category-i3","category-i4","category-i5","category-infantil","category-portada"],"post_mailing_queue_ids":[],"_links":{"self":[{"href":"https:\/\/agora.xtec.cat\/ceipelsametllers\/wp-json\/wp\/v2\/posts\/5234","targetHints":{"allow":["GET"]}}],"collection":[{"href":"https:\/\/agora.xtec.cat\/ceipelsametllers\/wp-json\/wp\/v2\/posts"}],"about":[{"href":"https:\/\/agora.xtec.cat\/ceipelsametllers\/wp-json\/wp\/v2\/types\/post"}],"author":[{"embeddable":true,"href":"https:\/\/agora.xtec.cat\/ceipelsametllers\/wp-json\/wp\/v2\/users\/3"}],"replies":[{"embeddable":true,"href":"https:\/\/agora.xtec.cat\/ceipelsametllers\/wp-json\/wp\/v2\/comments?post=5234"}],"version-history":[{"count":4,"href":"https:\/\/agora.xtec.cat\/ceipelsametllers\/wp-json\/wp\/v2\/posts\/5234\/revisions"}],"predecessor-version":[{"id":5254,"href":"https:\/\/agora.xtec.cat\/ceipelsametllers\/wp-json\/wp\/v2\/posts\/5234\/revisions\/5254"}],"wp:featuredmedia":[{"embeddable":true,"href":"https:\/\/agora.xtec.cat\/ceipelsametllers\/wp-json\/wp\/v2\/media\/5248"}],"wp:attachment":[{"href":"https:\/\/agora.xtec.cat\/ceipelsametllers\/wp-json\/wp\/v2\/media?parent=5234"}],"wp:term":[{"taxonomy":"category","embeddable":true,"href":"https:\/\/agora.xtec.cat\/ceipelsametllers\/wp-json\/wp\/v2\/categories?post=5234"},{"taxonomy":"post_tag","embeddable":true,"href":"https:\/\/agora.xtec.cat\/ceipelsametllers\/wp-json\/wp\/v2\/tags?post=5234"}],"curies":[{"name":"wp","href":"https:\/\/api.w.org\/{rel}","templated":true}]}}