{"id":5211,"date":"2025-11-05T16:13:18","date_gmt":"2025-11-05T15:13:18","guid":{"rendered":"https:\/\/agora.xtec.cat\/ceipelsametllers\/?p=5211"},"modified":"2026-03-02T11:23:39","modified_gmt":"2026-03-02T10:23:39","slug":"taller-de-consum-a-cicle-mitja","status":"publish","type":"post","link":"https:\/\/agora.xtec.cat\/ceipelsametllers\/general\/taller-de-consum-a-cicle-mitja\/","title":{"rendered":"Taller de consum a cicle mitj\u00e0"},"content":{"rendered":"<p><span style=\"font-weight: 400;\">Aquest dijous 25 d\u2019octubre ens han visitat dues formadores de l\u2019Escola del Consum de Catalunya i ens han fet pensar en com ha canviat l\u2019escola al llarg del darrer segle\u2026 i tamb\u00e9 com ha canviat el consum d\u2019energia que hi fem! Hem pensat en els factors de qu\u00e8 dep\u00e8n aquest consum: quin espai de l\u2019escola ocupem, quantes persones el solen ocupar, quins instruments electr\u00f2nics o el\u00e8ctrics necessitem i amb quina freq\u00fc\u00e8ncia els fem servir o quan i com utilitzem la calefacci\u00f3, per exemple!<\/span><\/p>\n<p><a href=\"https:\/\/drive.google.com\/drive\/u\/0\/folders\/1JFYfUw0JIgWsBd0UatmdSIqS_TLdiMBK\">Aqu\u00ed podeu veure algunes fotos.<\/a><\/p>\n","protected":false},"excerpt":{"rendered":"<p>Aquest dijous 25 d\u2019octubre ens han visitat dues formadores de l\u2019Escola del Consum de Catalunya i ens han fet pensar en com ha canviat l\u2019escola al llarg del darrer segle\u2026 i tamb\u00e9 com ha canviat el consum d\u2019energia que hi fem! Hem pensat en els&hellip;  <a href=\"https:\/\/agora.xtec.cat\/ceipelsametllers\/general\/taller-de-consum-a-cicle-mitja\/\" title=\"Read Taller de consum a cicle mitj\u00e0\">Llegeix m\u00e9s\u00bb<\/a><\/p>\n","protected":false},"author":3,"featured_media":5213,"comment_status":"closed","ping_status":"open","sticky":false,"template":"","format":"standard","meta":{"_bbp_topic_count":0,"_bbp_reply_count":0,"_bbp_total_topic_count":0,"_bbp_total_reply_count":0,"_bbp_voice_count":0,"_bbp_anonymous_reply_count":0,"_bbp_topic_count_hidden":0,"_bbp_reply_count_hidden":0,"_bbp_forum_subforum_count":0,"footnotes":""},"categories":[12,13,37,1,4,5],"tags":[],"class_list":["post-5211","post","type-post","status-publish","format-standard","has-post-thumbnail","hentry","category-3r","category-4t","category-escola","category-general","category-portada","category-primaria"],"post_mailing_queue_ids":[],"_links":{"self":[{"href":"https:\/\/agora.xtec.cat\/ceipelsametllers\/wp-json\/wp\/v2\/posts\/5211","targetHints":{"allow":["GET"]}}],"collection":[{"href":"https:\/\/agora.xtec.cat\/ceipelsametllers\/wp-json\/wp\/v2\/posts"}],"about":[{"href":"https:\/\/agora.xtec.cat\/ceipelsametllers\/wp-json\/wp\/v2\/types\/post"}],"author":[{"embeddable":true,"href":"https:\/\/agora.xtec.cat\/ceipelsametllers\/wp-json\/wp\/v2\/users\/3"}],"replies":[{"embeddable":true,"href":"https:\/\/agora.xtec.cat\/ceipelsametllers\/wp-json\/wp\/v2\/comments?post=5211"}],"version-history":[{"count":1,"href":"https:\/\/agora.xtec.cat\/ceipelsametllers\/wp-json\/wp\/v2\/posts\/5211\/revisions"}],"predecessor-version":[{"id":5212,"href":"https:\/\/agora.xtec.cat\/ceipelsametllers\/wp-json\/wp\/v2\/posts\/5211\/revisions\/5212"}],"wp:featuredmedia":[{"embeddable":true,"href":"https:\/\/agora.xtec.cat\/ceipelsametllers\/wp-json\/wp\/v2\/media\/5213"}],"wp:attachment":[{"href":"https:\/\/agora.xtec.cat\/ceipelsametllers\/wp-json\/wp\/v2\/media?parent=5211"}],"wp:term":[{"taxonomy":"category","embeddable":true,"href":"https:\/\/agora.xtec.cat\/ceipelsametllers\/wp-json\/wp\/v2\/categories?post=5211"},{"taxonomy":"post_tag","embeddable":true,"href":"https:\/\/agora.xtec.cat\/ceipelsametllers\/wp-json\/wp\/v2\/tags?post=5211"}],"curies":[{"name":"wp","href":"https:\/\/api.w.org\/{rel}","templated":true}]}}