{"id":5179,"date":"2026-02-02T10:59:28","date_gmt":"2026-02-02T09:59:28","guid":{"rendered":"https:\/\/agora.xtec.cat\/ceipelsametllers\/?p=5179"},"modified":"2026-02-23T11:35:37","modified_gmt":"2026-02-23T10:35:37","slug":"denip-2026","status":"publish","type":"post","link":"https:\/\/agora.xtec.cat\/ceipelsametllers\/general\/denip-2026\/","title":{"rendered":"DENIP 2026"},"content":{"rendered":"<p data-start=\"0\" data-end=\"196\">El passat 30 de gener de 2026, tot l\u2019alumnat de l\u2019escola es va reunir al pati per commemorar el Dia Escolar de la No-viol\u00e8ncia i la Pau. Va ser un moment especial de trobada i reflexi\u00f3 compartida.<\/p>\n<p data-start=\"198\" data-end=\"645\">Durant l\u2019acte, l\u2019alumnat de 6\u00e8 va llegir un emotiu manifest per la pau, recordant la import\u00e0ncia del respecte, el di\u00e0leg i la conviv\u00e8ncia. Per fer encara m\u00e9s visible aquest comprom\u00eds col\u00b7lectiu, cada classe va acompanyar l\u2019acte amb la paraula <strong data-start=\"441\" data-end=\"448\">PAU<\/strong> escrita en les diferents lleng\u00fces maternes presents a l\u2019escola, mostrant aix\u00ed la riquesa cultural que ens uneix i refor\u00e7ant el missatge que la pau \u00e9s un valor universal que compartim tots i totes.<\/p>\n<p data-start=\"647\" data-end=\"738\" data-is-last-node=\"\" data-is-only-node=\"\">A continuaci\u00f3, podeu veure el <a href=\"https:\/\/drive.google.com\/file\/d\/11Eb1IjoJNNV4DGhqM1essGooqqg9FIga\/view?usp=drive_link\">v\u00eddeo de la lectura del manifest per la pau<\/a>.<\/p>\n<p data-start=\"198\" data-end=\"645\" data-is-last-node=\"\" data-is-only-node=\"\">\n","protected":false},"excerpt":{"rendered":"<p>El passat 30 de gener de 2026, tot l\u2019alumnat de l\u2019escola es va reunir al pati per commemorar el Dia Escolar de la No-viol\u00e8ncia i la Pau. Va ser un moment especial de trobada i reflexi\u00f3 compartida.<br \/>\nDurant l\u2019acte, l\u2019alumnat de 6\u00e8 va llegir un emotiu&hellip;  <a href=\"https:\/\/agora.xtec.cat\/ceipelsametllers\/general\/denip-2026\/\" title=\"Read DENIP 2026\">Llegeix m\u00e9s\u00bb<\/a><\/p>\n","protected":false},"author":3,"featured_media":5183,"comment_status":"open","ping_status":"open","sticky":false,"template":"","format":"standard","meta":{"_bbp_topic_count":0,"_bbp_reply_count":0,"_bbp_total_topic_count":0,"_bbp_total_reply_count":0,"_bbp_voice_count":0,"_bbp_anonymous_reply_count":0,"_bbp_topic_count_hidden":0,"_bbp_reply_count_hidden":0,"_bbp_forum_subforum_count":0,"footnotes":""},"categories":[10,11,12,13,14,15,37,1,3,8,9,2,4,5,47],"tags":[],"class_list":["post-5179","post","type-post","status-publish","format-standard","has-post-thumbnail","hentry","category-1r","category-2n","category-3r","category-4t","category-5e","category-6e","category-escola","category-general","category-i3","category-i4","category-i5","category-infantil","category-portada","category-primaria","category-religio"],"post_mailing_queue_ids":[],"_links":{"self":[{"href":"https:\/\/agora.xtec.cat\/ceipelsametllers\/wp-json\/wp\/v2\/posts\/5179","targetHints":{"allow":["GET"]}}],"collection":[{"href":"https:\/\/agora.xtec.cat\/ceipelsametllers\/wp-json\/wp\/v2\/posts"}],"about":[{"href":"https:\/\/agora.xtec.cat\/ceipelsametllers\/wp-json\/wp\/v2\/types\/post"}],"author":[{"embeddable":true,"href":"https:\/\/agora.xtec.cat\/ceipelsametllers\/wp-json\/wp\/v2\/users\/3"}],"replies":[{"embeddable":true,"href":"https:\/\/agora.xtec.cat\/ceipelsametllers\/wp-json\/wp\/v2\/comments?post=5179"}],"version-history":[{"count":3,"href":"https:\/\/agora.xtec.cat\/ceipelsametllers\/wp-json\/wp\/v2\/posts\/5179\/revisions"}],"predecessor-version":[{"id":5182,"href":"https:\/\/agora.xtec.cat\/ceipelsametllers\/wp-json\/wp\/v2\/posts\/5179\/revisions\/5182"}],"wp:featuredmedia":[{"embeddable":true,"href":"https:\/\/agora.xtec.cat\/ceipelsametllers\/wp-json\/wp\/v2\/media\/5183"}],"wp:attachment":[{"href":"https:\/\/agora.xtec.cat\/ceipelsametllers\/wp-json\/wp\/v2\/media?parent=5179"}],"wp:term":[{"taxonomy":"category","embeddable":true,"href":"https:\/\/agora.xtec.cat\/ceipelsametllers\/wp-json\/wp\/v2\/categories?post=5179"},{"taxonomy":"post_tag","embeddable":true,"href":"https:\/\/agora.xtec.cat\/ceipelsametllers\/wp-json\/wp\/v2\/tags?post=5179"}],"curies":[{"name":"wp","href":"https:\/\/api.w.org\/{rel}","templated":true}]}}