{"id":5170,"date":"2026-02-22T22:02:13","date_gmt":"2026-02-22T21:02:13","guid":{"rendered":"https:\/\/agora.xtec.cat\/ceipelsametllers\/?p=5170"},"modified":"2026-02-22T22:02:13","modified_gmt":"2026-02-22T21:02:13","slug":"vella-quaresma-2026","status":"publish","type":"post","link":"https:\/\/agora.xtec.cat\/ceipelsametllers\/infantil\/vella-quaresma-2026\/","title":{"rendered":"Vella Quaresma 2026"},"content":{"rendered":"<p>Aquesta setmana, l&#8217;alumnat d&#8217;Ed. Infantil ha comen\u00e7at el comte enrere fins arribar les vacances de Setmana Santa. Com \u00e9s tradici\u00f3, cada setmana li han de treure una cama i la Vella Quaresma els hi portar\u00e0 alguna cosa que hauran de trobar per l&#8217;escola.<\/p>\n","protected":false},"excerpt":{"rendered":"<p>Aquesta setmana, l&#8217;alumnat d&#8217;Ed. Infantil ha comen\u00e7at el comte enrere fins arribar les vacances de Setmana Santa. Com \u00e9s tradici\u00f3, cada setmana li han de treure una cama i la Vella Quaresma els hi portar\u00e0 alguna cosa que hauran de trobar per l&#8217;escola.<\/p>\n","protected":false},"author":1,"featured_media":5171,"comment_status":"open","ping_status":"open","sticky":false,"template":"","format":"standard","meta":{"_bbp_topic_count":0,"_bbp_reply_count":0,"_bbp_total_topic_count":0,"_bbp_total_reply_count":0,"_bbp_voice_count":0,"_bbp_anonymous_reply_count":0,"_bbp_topic_count_hidden":0,"_bbp_reply_count_hidden":0,"_bbp_forum_subforum_count":0,"footnotes":""},"categories":[37,2,4],"tags":[],"class_list":["post-5170","post","type-post","status-publish","format-standard","has-post-thumbnail","hentry","category-escola","category-infantil","category-portada"],"post_mailing_queue_ids":[],"_links":{"self":[{"href":"https:\/\/agora.xtec.cat\/ceipelsametllers\/wp-json\/wp\/v2\/posts\/5170","targetHints":{"allow":["GET"]}}],"collection":[{"href":"https:\/\/agora.xtec.cat\/ceipelsametllers\/wp-json\/wp\/v2\/posts"}],"about":[{"href":"https:\/\/agora.xtec.cat\/ceipelsametllers\/wp-json\/wp\/v2\/types\/post"}],"author":[{"embeddable":true,"href":"https:\/\/agora.xtec.cat\/ceipelsametllers\/wp-json\/wp\/v2\/users\/1"}],"replies":[{"embeddable":true,"href":"https:\/\/agora.xtec.cat\/ceipelsametllers\/wp-json\/wp\/v2\/comments?post=5170"}],"version-history":[{"count":1,"href":"https:\/\/agora.xtec.cat\/ceipelsametllers\/wp-json\/wp\/v2\/posts\/5170\/revisions"}],"predecessor-version":[{"id":5172,"href":"https:\/\/agora.xtec.cat\/ceipelsametllers\/wp-json\/wp\/v2\/posts\/5170\/revisions\/5172"}],"wp:featuredmedia":[{"embeddable":true,"href":"https:\/\/agora.xtec.cat\/ceipelsametllers\/wp-json\/wp\/v2\/media\/5171"}],"wp:attachment":[{"href":"https:\/\/agora.xtec.cat\/ceipelsametllers\/wp-json\/wp\/v2\/media?parent=5170"}],"wp:term":[{"taxonomy":"category","embeddable":true,"href":"https:\/\/agora.xtec.cat\/ceipelsametllers\/wp-json\/wp\/v2\/categories?post=5170"},{"taxonomy":"post_tag","embeddable":true,"href":"https:\/\/agora.xtec.cat\/ceipelsametllers\/wp-json\/wp\/v2\/tags?post=5170"}],"curies":[{"name":"wp","href":"https:\/\/api.w.org\/{rel}","templated":true}]}}