{"id":517,"date":"2014-12-02T09:44:00","date_gmt":"2014-12-02T08:44:00","guid":{"rendered":"http:\/\/agora.xtec.cat\/ceipelsametllers\/general\/els-coets-de-1r-a-2\/"},"modified":"2014-12-02T09:44:00","modified_gmt":"2014-12-02T08:44:00","slug":"els-coets-de-1r-a-2","status":"publish","type":"post","link":"https:\/\/agora.xtec.cat\/ceipelsametllers\/primaria\/1r\/els-coets-de-1r-a-2\/","title":{"rendered":"ELS COETS de 1r A"},"content":{"rendered":"<p><span style=\"font-family: Trebuchet MS, sans-serif;\">Comencem un nou curs i, aquest cop,si que tot per nosaltres,el nens nenes de primer:un cicle nou, unes expectives noves ja que ara som una mica m\u00e9s grans i un nou tema de l&#8217;escola.<\/span><br \/><span style=\"font-family: Trebuchet MS, sans-serif;\"><br \/><\/span><span style=\"font-family: Trebuchet MS, sans-serif;\">Aquest curs el tema escollit per l&#8217;escola \u00e9s l&#8217;espai i, nosaltres, per triar el nom de la nostra classe, vam comen\u00e7ar a pensar noms que hi tenen relaci\u00f3:estrelles,planetes,sol,meteorits,lluna,estrella fuga\u00e7,terra,coets,mart,plut\u00f3,saturn.<\/span><br \/><span style=\"font-family: Trebuchet MS, sans-serif;\"><br \/><\/span><span style=\"font-family: Trebuchet MS, sans-serif;\">El primer cop vam votar dos noms cada nen i vam escollir els tres m\u00e9s votats quan van ser: sol, planetes i coets. Llavors, vam fer uns segona votaci\u00f3, per\u00f2 aquest cop nom\u00e9s haviem d&#8217;escollir el que m\u00e9s ens agradava i la votaci\u00f3 va quedar aix\u00ed: coets, 12 vots; sol,3 vots i planetes, 1 vot. Per tant, havia guanyat per majoria absoluta, coets.<\/span><br \/><span style=\"font-family: Trebuchet MS, sans-serif;\"><br \/><\/span><span style=\"font-family: Trebuchet MS, sans-serif;\">Ara ja som la classe dels COETS i hem comen\u00e7at a fer coses sobre aquest tema:<\/span><br \/><span style=\"font-family: Trebuchet MS, sans-serif;\">&#8211; Hem fet un punt de llibre amb un dibuix d&#8217;un coet &nbsp;a l&#8217;espai que l&#8217;utilitzem per marcar el llibre que estem llegint a l&#8217;aula.<\/span><br \/><span style=\"font-family: Trebuchet MS, sans-serif;\">&#8211; De la biblioteca de l&#8217; escola hem agafat un llibre per a la nostra biblioteca d&#8217;aula sobre l&#8217;Espai.<\/span><br \/><span style=\"font-family: Trebuchet MS, sans-serif;\">&#8211; Tamb\u00e9 hem portat llibres de casa nostra: l&#8217;Arnau un sobre l&#8217;Espai, la Marian un altre que tamb\u00e9 parla &nbsp;de l&#8217;Espai, la Marian una altre que tamb\u00e9 parla de l&#8217;espai i la Marina un sobre l&#8217;Elefant astronauta.<\/span><br \/><span style=\"font-family: Trebuchet MS, sans-serif;\">&#8211; Hem contru\u00eft coets a casa i els hem portat a l&#8217;Escola: l &#8216;Hugo n&#8217;ha fet un amb cartr\u00f3 i el Joel un amb goma Eva.<\/span><br \/><span style=\"font-family: Trebuchet MS, sans-serif;\">&#8211; A classe de m\u00fasica amb la M\u00f2nica, hem apr\u00e8s la can\u00e7\u00f2 &nbsp;Jo vull ser astronauta i hem fet el dibuix..<\/span><br \/><span style=\"font-family: Trebuchet MS, sans-serif;\"><br \/><\/span><span style=\"font-family: Trebuchet MS, sans-serif;\">Per\u00f2, encara ens queda molt per fer i aprendre, per aix\u00f2:<\/span><br \/><span style=\"font-family: Trebuchet MS, sans-serif;\"><br \/><\/span><span style=\"font-family: Trebuchet MS, sans-serif;\">&#8211; Buscarem informaci\u00f3 per Internet, la imprimirem i l&#8217;Enric ens la donar\u00e0.<\/span><br \/><span style=\"font-family: Trebuchet MS, sans-serif;\">&#8211; Demanarem ajut als pares per si a casa tenim alguna cosa relacionada amb aquest tema o podem anar a la biblioteca de Torredembarra per trobar llibres.<\/span><br \/><span style=\"font-family: Trebuchet MS, sans-serif;\">&#8211; Anirem al CosmoCaixa a Barcelona per fer un taller del Planetari bombolla.<\/span><br \/><span style=\"font-family: Trebuchet MS, sans-serif;\">&#8211; Per carnaval, ens disfrassarem de coets.<\/span><br \/><span style=\"font-family: Trebuchet MS, sans-serif;\">&#8211; Durant la Setmana Cultural farem tallers i activitats relacionades amb l&#8217;espai.<\/span><br \/><span style=\"font-family: Trebuchet MS, sans-serif;\">&#8211; I&#8230; altres coses.<\/span><br \/><span style=\"font-family: Trebuchet MS, sans-serif;\"><br \/><\/span><span style=\"font-family: Trebuchet MS, sans-serif;\">Si voleu veure les fotos de l&#8217;espai feu clic aqu\u00ed: <a href=\"https:\/\/plus.google.com\/u\/0\/photos\/111722199171283646879\/albums\/6085553722473929617\" target=\"_blank\">FOTOGRAF\u00cdES<\/a><\/span><\/p>\n<div style=\"clear: both; text-align: center;\"><a href=\"http:\/\/4.bp.blogspot.com\/-GzrfO1tKr5s\/VHQ8XvbC-gI\/AAAAAAAAAc8\/MKzNFNOoEWs\/s1600\/PB100024.JPG\" style=\"margin-left: 1em; margin-right: 1em;\"><img loading=\"lazy\" decoding=\"async\" border=\"0\" src=\"http:\/\/4.bp.blogspot.com\/-GzrfO1tKr5s\/VHQ8XvbC-gI\/AAAAAAAAAc8\/MKzNFNOoEWs\/s1600\/PB100024.JPG\" height=\"240\" width=\"320\" \/><\/a><\/div>\n<p><\/p>\n","protected":false},"excerpt":{"rendered":"<p>Comencem un nou curs i, aquest cop,si que tot per nosaltres,el nens nenes de primer:un cicle nou, unes expectives noves ja que ara som una mica m\u00e9s grans i un nou tema de l&#8217;escola.Aquest curs el tema escollit per l&#8217;escola \u00e9s l&#8217;espai i, nosaltres, per&hellip;  <a href=\"https:\/\/agora.xtec.cat\/ceipelsametllers\/primaria\/1r\/els-coets-de-1r-a-2\/\" title=\"Read ELS COETS de 1r A\">Llegeix m\u00e9s\u00bb<\/a><\/p>\n","protected":false},"author":1,"featured_media":0,"comment_status":"open","ping_status":"open","sticky":false,"template":"","format":"standard","meta":{"_bbp_topic_count":0,"_bbp_reply_count":0,"_bbp_total_topic_count":0,"_bbp_total_reply_count":0,"_bbp_voice_count":0,"_bbp_anonymous_reply_count":0,"_bbp_topic_count_hidden":0,"_bbp_reply_count_hidden":0,"_bbp_forum_subforum_count":0,"footnotes":""},"categories":[10],"tags":[],"class_list":["post-517","post","type-post","status-publish","format-standard","hentry","category-1r"],"post_mailing_queue_ids":[],"_links":{"self":[{"href":"https:\/\/agora.xtec.cat\/ceipelsametllers\/wp-json\/wp\/v2\/posts\/517","targetHints":{"allow":["GET"]}}],"collection":[{"href":"https:\/\/agora.xtec.cat\/ceipelsametllers\/wp-json\/wp\/v2\/posts"}],"about":[{"href":"https:\/\/agora.xtec.cat\/ceipelsametllers\/wp-json\/wp\/v2\/types\/post"}],"author":[{"embeddable":true,"href":"https:\/\/agora.xtec.cat\/ceipelsametllers\/wp-json\/wp\/v2\/users\/1"}],"replies":[{"embeddable":true,"href":"https:\/\/agora.xtec.cat\/ceipelsametllers\/wp-json\/wp\/v2\/comments?post=517"}],"version-history":[{"count":0,"href":"https:\/\/agora.xtec.cat\/ceipelsametllers\/wp-json\/wp\/v2\/posts\/517\/revisions"}],"wp:attachment":[{"href":"https:\/\/agora.xtec.cat\/ceipelsametllers\/wp-json\/wp\/v2\/media?parent=517"}],"wp:term":[{"taxonomy":"category","embeddable":true,"href":"https:\/\/agora.xtec.cat\/ceipelsametllers\/wp-json\/wp\/v2\/categories?post=517"},{"taxonomy":"post_tag","embeddable":true,"href":"https:\/\/agora.xtec.cat\/ceipelsametllers\/wp-json\/wp\/v2\/tags?post=517"}],"curies":[{"name":"wp","href":"https:\/\/api.w.org\/{rel}","templated":true}]}}