{"id":514,"date":"2014-12-09T09:23:00","date_gmt":"2014-12-09T08:23:00","guid":{"rendered":"http:\/\/agora.xtec.cat\/ceipelsametllers\/general\/benvinguda-al-nou-curs\/"},"modified":"2014-12-09T09:23:00","modified_gmt":"2014-12-09T08:23:00","slug":"benvinguda-al-nou-curs","status":"publish","type":"post","link":"https:\/\/agora.xtec.cat\/ceipelsametllers\/escola\/benvinguda-al-nou-curs\/","title":{"rendered":"Benvinguda al nou curs"},"content":{"rendered":"<p>Escola els Ametllers,La Pobla de Montornes<\/p>\n<p>Benvolgudes families,<\/p>\n<p>Us donem la benvinguda a aquest curs i us fem arribar les seg\u00fcents informacions:<\/p>\n<p>L&#8217;horari d&#8217;aquest curs des del 15 de setembre al 5 de juny \u00e9s de 9h a 12.30h i de 15h a 16.30h.<\/p>\n<p>&nbsp;La jornada intensiva es far\u00e0 el dia 23 de desembre i del dia 8 de juny al 19 de juny i ser\u00e0 en horari de 9 a 13h.<\/p>\n<p>&nbsp;Els dies festius i de lliure disposicio s\u00f3n els seg\u00fcents:<\/p>\n<p>DIES FESTIUS<\/p>\n<p>&nbsp; &nbsp;&#8211; 11 de setembre &nbsp; &nbsp; &nbsp; &nbsp; &nbsp; &nbsp; &nbsp; &nbsp; &nbsp; &nbsp; &nbsp; &nbsp; &nbsp; &nbsp; &nbsp; &nbsp; &nbsp; &nbsp; &nbsp; &nbsp; &nbsp; &nbsp; &nbsp; &nbsp; &nbsp; &nbsp; &nbsp; &nbsp; &nbsp; &nbsp; &nbsp; &nbsp; &nbsp; &nbsp; &nbsp; &nbsp; &nbsp; DIES DE LLIURE DISPOSICIO:<\/p>\n<p>&nbsp; &#8211; 12 d&#8217;octubre. &nbsp; &nbsp; &nbsp; &nbsp; &nbsp; &nbsp; &nbsp; &nbsp; &nbsp; &nbsp; &nbsp; &nbsp; &nbsp; &nbsp; &nbsp; &nbsp; &nbsp; &nbsp; &nbsp; &nbsp; &nbsp; &nbsp; &nbsp; &nbsp; &nbsp; &nbsp; &nbsp; &nbsp; &nbsp; &nbsp; &nbsp; &nbsp; &nbsp; &nbsp; &nbsp; &nbsp; &nbsp; &nbsp; &nbsp; &nbsp; &nbsp; &nbsp; &nbsp; &nbsp; &nbsp; -13 d&#8217;octubre<\/p>\n<p>&nbsp; -1 de novembre &nbsp; &nbsp; &nbsp; &nbsp; &nbsp; &nbsp; &nbsp; &nbsp; &nbsp; &nbsp; &nbsp; &nbsp; &nbsp; &nbsp; &nbsp; &nbsp; &nbsp; &nbsp; &nbsp; &nbsp; &nbsp; &nbsp; &nbsp; &nbsp; &nbsp; &nbsp; &nbsp; &nbsp; &nbsp; &nbsp; &nbsp; &nbsp; &nbsp; &nbsp; &nbsp; &nbsp; &nbsp; &nbsp; &nbsp; &nbsp; &nbsp; &nbsp; &nbsp; &nbsp; &nbsp;-3 de novembre<\/p>\n<p>&nbsp; -6 i 8 de desembre &nbsp; &nbsp; &nbsp; &nbsp; &nbsp; &nbsp; &nbsp; &nbsp; &nbsp; &nbsp; &nbsp; &nbsp; &nbsp; &nbsp; &nbsp; &nbsp; &nbsp; &nbsp; &nbsp; &nbsp; &nbsp; &nbsp; &nbsp; &nbsp; &nbsp; &nbsp; &nbsp; &nbsp; &nbsp; &nbsp; &nbsp; &nbsp; &nbsp; &nbsp; &nbsp; &nbsp; &nbsp; &nbsp; &nbsp; &nbsp; &nbsp; &nbsp; &nbsp;-16 de febrer<\/p>\n<p>&nbsp; -1 de maig &nbsp; &nbsp; &nbsp; &nbsp; &nbsp; &nbsp; &nbsp; &nbsp; &nbsp; &nbsp; &nbsp; &nbsp; &nbsp; &nbsp; &nbsp; &nbsp; &nbsp; &nbsp; &nbsp; &nbsp; &nbsp; &nbsp; &nbsp; &nbsp; &nbsp; &nbsp; &nbsp; &nbsp; &nbsp; &nbsp; &nbsp; &nbsp; &nbsp; &nbsp; &nbsp; &nbsp; &nbsp; &nbsp; &nbsp; &nbsp; &nbsp; &nbsp; &nbsp; &nbsp; &nbsp; &nbsp; &nbsp; &nbsp; &nbsp; &#8211; 4 de maig <\/p>\n<p>FESTES LOCALS:<\/p>\n<p>&nbsp; &nbsp; &nbsp;-8 de setembre<br \/>&nbsp; &nbsp; &nbsp;-14 d&#8217;octubre<\/p>\n<p>&nbsp; &nbsp; Les vacanses de nadal s\u00f3n del 24 de desembre al 7 de gener (ambd\u00f3s inclosos) i les de setmana<br \/>&nbsp; &nbsp; Santa del 30 de mar\u00e7 &nbsp;al 6 d&#8217;abril ( ambd\u00f3s inclosos ).<br \/>&nbsp; &nbsp; La setmana cultural es realitzar\u00e0 del 23 de mar\u00e7 al 6 d&#8217;abril.<\/p>\n<p>&nbsp; &nbsp;El suport escolar perconalitzat (SEP) es f\u00e0 a primer de cicle inicial, a quart, cinqu\u00e8 i sis\u00e8, en horari<br \/>&nbsp; &nbsp;extraescolar el dilluns i dimecres, de 16,30h &nbsp;a &nbsp;17,30 h .El duen a terme els tutors i tindr\u00e0 la<br \/>&nbsp; &nbsp;continu\u00eftat que el mestre consideri &nbsp;necess\u00e0ria per assolir els objectius proposats .<\/p>\n<p>&nbsp; &nbsp;Aquest curs l&#8217;escolar atraves de l&#8217;associaci\u00f3 esportiva escolar es continua amb l&#8217;organitzaci\u00f3<br \/>&nbsp; &nbsp;d&#8217;activitats esportives extrasescolars: b\u00e0squet ( dimecres i divendres de 16.30h a 18h ) la dan\u00e7a la<br \/>&nbsp; &nbsp;gestiona l&#8217;AMPA els dimarts i dijous a la tarda.<\/p>\n<p>&nbsp; Us desitgem un bon curs escolar a tots i totes.<br \/>&nbsp; L&#8217;equip directiu.<\/p>\n<div style=\"clear: both; text-align: center;\"><a href=\"http:\/\/1.bp.blogspot.com\/-gTPnkXCcHxc\/VHRAyHO9hCI\/AAAAAAAAAis\/aF2ofVMMIgU\/s1600\/IMG_1426%2B%5B800x600%5D.jpg\" style=\"margin-left: 1em; margin-right: 1em;\"><img loading=\"lazy\" decoding=\"async\" border=\"0\" src=\"http:\/\/1.bp.blogspot.com\/-gTPnkXCcHxc\/VHRAyHO9hCI\/AAAAAAAAAis\/aF2ofVMMIgU\/s1600\/IMG_1426%2B%5B800x600%5D.jpg\" height=\"239\" width=\"320\" \/><\/a><\/div>\n<p><\/p>\n","protected":false},"excerpt":{"rendered":"<p>Escola els Ametllers,La Pobla de Montornes<br \/>\nBenvolgudes families,<br \/>\nUs donem la benvinguda a aquest curs i us fem arribar les seg\u00fcents informacions:<br \/>\nL&#8217;horari d&#8217;aquest curs des del 15 de setembre al 5 de juny \u00e9s de 9h a 12.30h i de 15h a 16.30h.<br \/>\n&nbsp;La jornada intensiva es far\u00e0&hellip;  <a href=\"https:\/\/agora.xtec.cat\/ceipelsametllers\/escola\/benvinguda-al-nou-curs\/\" title=\"Read Benvinguda al nou curs\">Llegeix m\u00e9s\u00bb<\/a><\/p>\n","protected":false},"author":1,"featured_media":0,"comment_status":"open","ping_status":"open","sticky":false,"template":"","format":"standard","meta":{"_bbp_topic_count":0,"_bbp_reply_count":0,"_bbp_total_topic_count":0,"_bbp_total_reply_count":0,"_bbp_voice_count":0,"_bbp_anonymous_reply_count":0,"_bbp_topic_count_hidden":0,"_bbp_reply_count_hidden":0,"_bbp_forum_subforum_count":0,"footnotes":""},"categories":[37],"tags":[],"class_list":["post-514","post","type-post","status-publish","format-standard","hentry","category-escola"],"post_mailing_queue_ids":[],"_links":{"self":[{"href":"https:\/\/agora.xtec.cat\/ceipelsametllers\/wp-json\/wp\/v2\/posts\/514","targetHints":{"allow":["GET"]}}],"collection":[{"href":"https:\/\/agora.xtec.cat\/ceipelsametllers\/wp-json\/wp\/v2\/posts"}],"about":[{"href":"https:\/\/agora.xtec.cat\/ceipelsametllers\/wp-json\/wp\/v2\/types\/post"}],"author":[{"embeddable":true,"href":"https:\/\/agora.xtec.cat\/ceipelsametllers\/wp-json\/wp\/v2\/users\/1"}],"replies":[{"embeddable":true,"href":"https:\/\/agora.xtec.cat\/ceipelsametllers\/wp-json\/wp\/v2\/comments?post=514"}],"version-history":[{"count":0,"href":"https:\/\/agora.xtec.cat\/ceipelsametllers\/wp-json\/wp\/v2\/posts\/514\/revisions"}],"wp:attachment":[{"href":"https:\/\/agora.xtec.cat\/ceipelsametllers\/wp-json\/wp\/v2\/media?parent=514"}],"wp:term":[{"taxonomy":"category","embeddable":true,"href":"https:\/\/agora.xtec.cat\/ceipelsametllers\/wp-json\/wp\/v2\/categories?post=514"},{"taxonomy":"post_tag","embeddable":true,"href":"https:\/\/agora.xtec.cat\/ceipelsametllers\/wp-json\/wp\/v2\/tags?post=514"}],"curies":[{"name":"wp","href":"https:\/\/api.w.org\/{rel}","templated":true}]}}