{"id":5135,"date":"2025-11-03T10:50:03","date_gmt":"2025-11-03T09:50:03","guid":{"rendered":"https:\/\/agora.xtec.cat\/ceipelsametllers\/?p=5135"},"modified":"2026-02-20T15:48:42","modified_gmt":"2026-02-20T14:48:42","slug":"tarraco-romana-2","status":"publish","type":"post","link":"https:\/\/agora.xtec.cat\/ceipelsametllers\/general\/tarraco-romana-2\/","title":{"rendered":"T\u00e0rraco romana"},"content":{"rendered":"<p><a href=\"https:\/\/agora.xtec.cat\/ceipelsametllers\/wp-content\/uploads\/usu1019\/2026\/02\/IMG_20251027_164508.jpg\"><img loading=\"lazy\" decoding=\"async\" class=\"alignnone size-large wp-image-5141\" src=\"https:\/\/agora.xtec.cat\/ceipelsametllers\/wp-content\/uploads\/usu1019\/2026\/02\/IMG_20251027_164508-1024x769.jpg\" alt=\"\" width=\"1024\" height=\"769\" srcset=\"https:\/\/agora.xtec.cat\/ceipelsametllers\/wp-content\/uploads\/usu1019\/2026\/02\/IMG_20251027_164508-1024x769.jpg 1024w, https:\/\/agora.xtec.cat\/ceipelsametllers\/wp-content\/uploads\/usu1019\/2026\/02\/IMG_20251027_164508-300x225.jpg 300w, https:\/\/agora.xtec.cat\/ceipelsametllers\/wp-content\/uploads\/usu1019\/2026\/02\/IMG_20251027_164508-768x577.jpg 768w, https:\/\/agora.xtec.cat\/ceipelsametllers\/wp-content\/uploads\/usu1019\/2026\/02\/IMG_20251027_164508-200x150.jpg 200w, https:\/\/agora.xtec.cat\/ceipelsametllers\/wp-content\/uploads\/usu1019\/2026\/02\/IMG_20251027_164508.jpg 1529w\" sizes=\"auto, (max-width: 1024px) 100vw, 1024px\" \/><\/a><\/p>\n<p data-pm-slice=\"1 1 []\">Aquest curs, a l\u2019escola hem triat com a fil conductor la <strong>T\u00e0rraco romana<\/strong>, per apropar l\u2019alumnat al nostre patrimoni hist\u00f2ric.<\/p>\n<p>Els nens i nenes han anat a Tarragona i han fet activitats adaptades al seu nivell per con\u00e8ixer com vivien els romans. Alguns llocs que han pogut visitar s\u00f3n: les <strong>Muralles<\/strong>, la <strong>Casa Canals<\/strong>, el <strong>Pretori i el Circ Rom\u00e0 i <\/strong>l\u2019<strong>Amfiteatre<\/strong>.<\/p>\n<p>Ha sigut una jornada molt enriquidora que ens ha perm\u00e8s apropar-nos a la hist\u00f2ria d\u2019una manera clara i vivencial.<\/p>\n<p>A trav\u00e9s dels seg\u00fcents enlla\u00e7os hi trobareu imatges de les sortides pedag\u00f2giques.<\/p>\n<p><a href=\"https:\/\/drive.google.com\/drive\/u\/0\/folders\/12xqyal38jUP3qwc_ofMzGlapg0j-d-IU\">1rA<\/a><\/p>\n<p><a href=\"https:\/\/drive.google.com\/drive\/u\/0\/folders\/1mVc0n4RXR2-b-ndgba90mSuKamdwbY1X\">1rB<\/a><\/p>\n<p><a href=\"https:\/\/drive.google.com\/drive\/u\/0\/folders\/19V-3f-HG_9WKBawoPEsT-7CejVs6J0hK\">2n<\/a><\/p>\n<p><span style=\"font-weight: 400;\"><a href=\"https:\/\/drive.google.com\/drive\/u\/0\/folders\/1sTAmkjU1elKw6zucVN-W_bu4rxbhMMz3\">Cicle Mitj\u00e0<\/a><\/span><\/p>\n<p><span style=\"font-weight: 400;\"><a href=\"https:\/\/drive.google.com\/file\/d\/1IT6__F7sLVr52vG9sjpjKUxkNn7f6tsL\/view?usp=drive_link\">Cicle Superior<\/a><\/span><\/p>\n<p>&nbsp;<\/p>\n<p>&nbsp;<\/p>\n<p>&nbsp;<\/p>\n<p>&nbsp;<\/p>\n","protected":false},"excerpt":{"rendered":"<p><a href=\"https:\/\/agora.xtec.cat\/ceipelsametllers\/wp-content\/uploads\/usu1019\/2026\/02\/IMG_20251027_164508.jpg\"><\/a><br \/>\nAquest curs, a l\u2019escola hem triat com a fil conductor la T\u00e0rraco romana, per apropar l\u2019alumnat al nostre patrimoni hist\u00f2ric.<br \/>\nEls nens i nenes han anat a Tarragona i han fet activitats adaptades al seu nivell per con\u00e8ixer com vivien els romans. Alguns llocs que&hellip;  <a href=\"https:\/\/agora.xtec.cat\/ceipelsametllers\/general\/tarraco-romana-2\/\" title=\"Read T\u00e0rraco romana\">Llegeix m\u00e9s\u00bb<\/a><\/p>\n","protected":false},"author":3,"featured_media":0,"comment_status":"open","ping_status":"open","sticky":false,"template":"","format":"standard","meta":{"_bbp_topic_count":0,"_bbp_reply_count":0,"_bbp_total_topic_count":0,"_bbp_total_reply_count":0,"_bbp_voice_count":0,"_bbp_anonymous_reply_count":0,"_bbp_topic_count_hidden":0,"_bbp_reply_count_hidden":0,"_bbp_forum_subforum_count":0,"footnotes":""},"categories":[10,11,12,13,14,15,37,1,4,5],"tags":[],"class_list":["post-5135","post","type-post","status-publish","format-standard","hentry","category-1r","category-2n","category-3r","category-4t","category-5e","category-6e","category-escola","category-general","category-portada","category-primaria"],"post_mailing_queue_ids":[],"_links":{"self":[{"href":"https:\/\/agora.xtec.cat\/ceipelsametllers\/wp-json\/wp\/v2\/posts\/5135","targetHints":{"allow":["GET"]}}],"collection":[{"href":"https:\/\/agora.xtec.cat\/ceipelsametllers\/wp-json\/wp\/v2\/posts"}],"about":[{"href":"https:\/\/agora.xtec.cat\/ceipelsametllers\/wp-json\/wp\/v2\/types\/post"}],"author":[{"embeddable":true,"href":"https:\/\/agora.xtec.cat\/ceipelsametllers\/wp-json\/wp\/v2\/users\/3"}],"replies":[{"embeddable":true,"href":"https:\/\/agora.xtec.cat\/ceipelsametllers\/wp-json\/wp\/v2\/comments?post=5135"}],"version-history":[{"count":7,"href":"https:\/\/agora.xtec.cat\/ceipelsametllers\/wp-json\/wp\/v2\/posts\/5135\/revisions"}],"predecessor-version":[{"id":5147,"href":"https:\/\/agora.xtec.cat\/ceipelsametllers\/wp-json\/wp\/v2\/posts\/5135\/revisions\/5147"}],"wp:attachment":[{"href":"https:\/\/agora.xtec.cat\/ceipelsametllers\/wp-json\/wp\/v2\/media?parent=5135"}],"wp:term":[{"taxonomy":"category","embeddable":true,"href":"https:\/\/agora.xtec.cat\/ceipelsametllers\/wp-json\/wp\/v2\/categories?post=5135"},{"taxonomy":"post_tag","embeddable":true,"href":"https:\/\/agora.xtec.cat\/ceipelsametllers\/wp-json\/wp\/v2\/tags?post=5135"}],"curies":[{"name":"wp","href":"https:\/\/api.w.org\/{rel}","templated":true}]}}