{"id":5063,"date":"2025-11-09T23:07:58","date_gmt":"2025-11-09T22:07:58","guid":{"rendered":"https:\/\/agora.xtec.cat\/ceipelsametllers\/?p=5063"},"modified":"2025-11-09T23:07:58","modified_gmt":"2025-11-09T22:07:58","slug":"xerrades-de-formacio-adrecades-al-professorat","status":"publish","type":"post","link":"https:\/\/agora.xtec.cat\/ceipelsametllers\/general\/xerrades-de-formacio-adrecades-al-professorat\/","title":{"rendered":"Xerrades de formaci\u00f3 adre\u00e7ades al professorat"},"content":{"rendered":"<p>El professorat de l&#8217;escola participa en les diverses formacions i xerrades que es duen a terme al centre. El dimarts dia\u00a0 4 de novembre van venir de Xarxa Sta Tecla per fer una sessi\u00f3 informativa de primers auxilis i higiene bucodental.<\/p>\n<p><a href=\"https:\/\/agora.xtec.cat\/ceipelsametllers\/wp-content\/uploads\/usu1019\/2025\/11\/WhatsApp-Image-2025-11-04-at-13.55.29.jpeg\"><img loading=\"lazy\" decoding=\"async\" class=\"alignnone wp-image-5066 size-medium\" src=\"https:\/\/agora.xtec.cat\/ceipelsametllers\/wp-content\/uploads\/usu1019\/2025\/11\/WhatsApp-Image-2025-11-04-at-13.55.29-300x169.jpeg\" alt=\"\" width=\"300\" height=\"169\" srcset=\"https:\/\/agora.xtec.cat\/ceipelsametllers\/wp-content\/uploads\/usu1019\/2025\/11\/WhatsApp-Image-2025-11-04-at-13.55.29-300x169.jpeg 300w, https:\/\/agora.xtec.cat\/ceipelsametllers\/wp-content\/uploads\/usu1019\/2025\/11\/WhatsApp-Image-2025-11-04-at-13.55.29-1024x576.jpeg 1024w, https:\/\/agora.xtec.cat\/ceipelsametllers\/wp-content\/uploads\/usu1019\/2025\/11\/WhatsApp-Image-2025-11-04-at-13.55.29-768x432.jpeg 768w, https:\/\/agora.xtec.cat\/ceipelsametllers\/wp-content\/uploads\/usu1019\/2025\/11\/WhatsApp-Image-2025-11-04-at-13.55.29-1536x864.jpeg 1536w, https:\/\/agora.xtec.cat\/ceipelsametllers\/wp-content\/uploads\/usu1019\/2025\/11\/WhatsApp-Image-2025-11-04-at-13.55.29.jpeg 2000w\" sizes=\"auto, (max-width: 300px) 100vw, 300px\" \/><\/a><a href=\"https:\/\/agora.xtec.cat\/ceipelsametllers\/wp-content\/uploads\/usu1019\/2025\/11\/WhatsApp-Image-2025-11-04-at-13.55.51.jpeg\"><img loading=\"lazy\" decoding=\"async\" class=\"alignnone wp-image-5064 size-medium\" src=\"https:\/\/agora.xtec.cat\/ceipelsametllers\/wp-content\/uploads\/usu1019\/2025\/11\/WhatsApp-Image-2025-11-04-at-13.55.51-300x169.jpeg\" alt=\"\" width=\"300\" height=\"169\" srcset=\"https:\/\/agora.xtec.cat\/ceipelsametllers\/wp-content\/uploads\/usu1019\/2025\/11\/WhatsApp-Image-2025-11-04-at-13.55.51-300x169.jpeg 300w, https:\/\/agora.xtec.cat\/ceipelsametllers\/wp-content\/uploads\/usu1019\/2025\/11\/WhatsApp-Image-2025-11-04-at-13.55.51-1024x576.jpeg 1024w, https:\/\/agora.xtec.cat\/ceipelsametllers\/wp-content\/uploads\/usu1019\/2025\/11\/WhatsApp-Image-2025-11-04-at-13.55.51-768x432.jpeg 768w, https:\/\/agora.xtec.cat\/ceipelsametllers\/wp-content\/uploads\/usu1019\/2025\/11\/WhatsApp-Image-2025-11-04-at-13.55.51-1536x864.jpeg 1536w, https:\/\/agora.xtec.cat\/ceipelsametllers\/wp-content\/uploads\/usu1019\/2025\/11\/WhatsApp-Image-2025-11-04-at-13.55.51.jpeg 2000w\" sizes=\"auto, (max-width: 300px) 100vw, 300px\" \/><\/a><a href=\"https:\/\/agora.xtec.cat\/ceipelsametllers\/wp-content\/uploads\/usu1019\/2025\/11\/WhatsApp-Image-2025-11-04-at-13.55.50.jpeg\"><img loading=\"lazy\" decoding=\"async\" class=\"alignnone wp-image-5065 size-medium\" src=\"https:\/\/agora.xtec.cat\/ceipelsametllers\/wp-content\/uploads\/usu1019\/2025\/11\/WhatsApp-Image-2025-11-04-at-13.55.50-300x169.jpeg\" alt=\"\" width=\"300\" height=\"169\" srcset=\"https:\/\/agora.xtec.cat\/ceipelsametllers\/wp-content\/uploads\/usu1019\/2025\/11\/WhatsApp-Image-2025-11-04-at-13.55.50-300x169.jpeg 300w, https:\/\/agora.xtec.cat\/ceipelsametllers\/wp-content\/uploads\/usu1019\/2025\/11\/WhatsApp-Image-2025-11-04-at-13.55.50-1024x576.jpeg 1024w, https:\/\/agora.xtec.cat\/ceipelsametllers\/wp-content\/uploads\/usu1019\/2025\/11\/WhatsApp-Image-2025-11-04-at-13.55.50-768x432.jpeg 768w, https:\/\/agora.xtec.cat\/ceipelsametllers\/wp-content\/uploads\/usu1019\/2025\/11\/WhatsApp-Image-2025-11-04-at-13.55.50-1536x864.jpeg 1536w, https:\/\/agora.xtec.cat\/ceipelsametllers\/wp-content\/uploads\/usu1019\/2025\/11\/WhatsApp-Image-2025-11-04-at-13.55.50.jpeg 2000w\" sizes=\"auto, (max-width: 300px) 100vw, 300px\" \/><\/a><\/p>\n<p>Per la tarda hi va haver una sessi\u00f3 a c\u00e0rrec de Mossos <strong>el principal objectiu dels seus programes de formaci\u00f3 #PREV \u00e9s ampliar la xarxa en l\u2019abordatge dels extremismes violents i consolidar la implicaci\u00f3 de tots els sectors necessaris per a la prevenci\u00f3 efectiva<\/strong> <a href=\"https:\/\/agora.xtec.cat\/ceipelsametllers\/wp-content\/uploads\/usu1019\/2025\/11\/WhatsApp-Image-2025-11-05-at-09.44.53-1.jpeg\"><img loading=\"lazy\" decoding=\"async\" class=\"alignnone size-large wp-image-5067\" src=\"https:\/\/agora.xtec.cat\/ceipelsametllers\/wp-content\/uploads\/usu1019\/2025\/11\/WhatsApp-Image-2025-11-05-at-09.44.53-1-1024x576.jpeg\" alt=\"\" width=\"1024\" height=\"576\" srcset=\"https:\/\/agora.xtec.cat\/ceipelsametllers\/wp-content\/uploads\/usu1019\/2025\/11\/WhatsApp-Image-2025-11-05-at-09.44.53-1-1024x576.jpeg 1024w, https:\/\/agora.xtec.cat\/ceipelsametllers\/wp-content\/uploads\/usu1019\/2025\/11\/WhatsApp-Image-2025-11-05-at-09.44.53-1-300x169.jpeg 300w, https:\/\/agora.xtec.cat\/ceipelsametllers\/wp-content\/uploads\/usu1019\/2025\/11\/WhatsApp-Image-2025-11-05-at-09.44.53-1-768x432.jpeg 768w, https:\/\/agora.xtec.cat\/ceipelsametllers\/wp-content\/uploads\/usu1019\/2025\/11\/WhatsApp-Image-2025-11-05-at-09.44.53-1-1536x864.jpeg 1536w, https:\/\/agora.xtec.cat\/ceipelsametllers\/wp-content\/uploads\/usu1019\/2025\/11\/WhatsApp-Image-2025-11-05-at-09.44.53-1.jpeg 2048w\" sizes=\"auto, (max-width: 1024px) 100vw, 1024px\" \/><\/a> <a href=\"https:\/\/agora.xtec.cat\/ceipelsametllers\/wp-content\/uploads\/usu1019\/2025\/11\/WhatsApp-Image-2025-11-05-at-09.44.53.jpeg\"><img loading=\"lazy\" decoding=\"async\" class=\"alignnone size-large wp-image-5068\" src=\"https:\/\/agora.xtec.cat\/ceipelsametllers\/wp-content\/uploads\/usu1019\/2025\/11\/WhatsApp-Image-2025-11-05-at-09.44.53-1024x576.jpeg\" alt=\"\" width=\"1024\" height=\"576\" srcset=\"https:\/\/agora.xtec.cat\/ceipelsametllers\/wp-content\/uploads\/usu1019\/2025\/11\/WhatsApp-Image-2025-11-05-at-09.44.53-1024x576.jpeg 1024w, https:\/\/agora.xtec.cat\/ceipelsametllers\/wp-content\/uploads\/usu1019\/2025\/11\/WhatsApp-Image-2025-11-05-at-09.44.53-300x169.jpeg 300w, https:\/\/agora.xtec.cat\/ceipelsametllers\/wp-content\/uploads\/usu1019\/2025\/11\/WhatsApp-Image-2025-11-05-at-09.44.53-768x432.jpeg 768w, https:\/\/agora.xtec.cat\/ceipelsametllers\/wp-content\/uploads\/usu1019\/2025\/11\/WhatsApp-Image-2025-11-05-at-09.44.53-1536x864.jpeg 1536w, https:\/\/agora.xtec.cat\/ceipelsametllers\/wp-content\/uploads\/usu1019\/2025\/11\/WhatsApp-Image-2025-11-05-at-09.44.53.jpeg 2048w\" sizes=\"auto, (max-width: 1024px) 100vw, 1024px\" \/><\/a><\/p>\n","protected":false},"excerpt":{"rendered":"<p>El professorat de l&#8217;escola participa en les diverses formacions i xerrades que es duen a terme al centre. El dimarts dia\u00a0 4 de novembre van venir de Xarxa Sta Tecla per fer una sessi\u00f3 informativa de primers auxilis i higiene bucodental.<br \/>\n<a href=\"https:\/\/agora.xtec.cat\/ceipelsametllers\/wp-content\/uploads\/usu1019\/2025\/11\/WhatsApp-Image-2025-11-04-at-13.55.29.jpeg\"><\/a><a href=\"https:\/\/agora.xtec.cat\/ceipelsametllers\/wp-content\/uploads\/usu1019\/2025\/11\/WhatsApp-Image-2025-11-04-at-13.55.51.jpeg\"><\/a><a href=\"https:\/\/agora.xtec.cat\/ceipelsametllers\/wp-content\/uploads\/usu1019\/2025\/11\/WhatsApp-Image-2025-11-04-at-13.55.50.jpeg\"><\/a><br \/>\nPer la&hellip;  <a href=\"https:\/\/agora.xtec.cat\/ceipelsametllers\/general\/xerrades-de-formacio-adrecades-al-professorat\/\" title=\"Read Xerrades de formaci\u00f3 adre\u00e7ades al professorat\">Llegeix m\u00e9s\u00bb<\/a><\/p>\n","protected":false},"author":1,"featured_media":5069,"comment_status":"open","ping_status":"open","sticky":false,"template":"","format":"standard","meta":{"_bbp_topic_count":0,"_bbp_reply_count":0,"_bbp_total_topic_count":0,"_bbp_total_reply_count":0,"_bbp_voice_count":0,"_bbp_anonymous_reply_count":0,"_bbp_topic_count_hidden":0,"_bbp_reply_count_hidden":0,"_bbp_forum_subforum_count":0,"footnotes":""},"categories":[37,1],"tags":[],"class_list":["post-5063","post","type-post","status-publish","format-standard","has-post-thumbnail","hentry","category-escola","category-general"],"post_mailing_queue_ids":[],"_links":{"self":[{"href":"https:\/\/agora.xtec.cat\/ceipelsametllers\/wp-json\/wp\/v2\/posts\/5063","targetHints":{"allow":["GET"]}}],"collection":[{"href":"https:\/\/agora.xtec.cat\/ceipelsametllers\/wp-json\/wp\/v2\/posts"}],"about":[{"href":"https:\/\/agora.xtec.cat\/ceipelsametllers\/wp-json\/wp\/v2\/types\/post"}],"author":[{"embeddable":true,"href":"https:\/\/agora.xtec.cat\/ceipelsametllers\/wp-json\/wp\/v2\/users\/1"}],"replies":[{"embeddable":true,"href":"https:\/\/agora.xtec.cat\/ceipelsametllers\/wp-json\/wp\/v2\/comments?post=5063"}],"version-history":[{"count":1,"href":"https:\/\/agora.xtec.cat\/ceipelsametllers\/wp-json\/wp\/v2\/posts\/5063\/revisions"}],"predecessor-version":[{"id":5070,"href":"https:\/\/agora.xtec.cat\/ceipelsametllers\/wp-json\/wp\/v2\/posts\/5063\/revisions\/5070"}],"wp:featuredmedia":[{"embeddable":true,"href":"https:\/\/agora.xtec.cat\/ceipelsametllers\/wp-json\/wp\/v2\/media\/5069"}],"wp:attachment":[{"href":"https:\/\/agora.xtec.cat\/ceipelsametllers\/wp-json\/wp\/v2\/media?parent=5063"}],"wp:term":[{"taxonomy":"category","embeddable":true,"href":"https:\/\/agora.xtec.cat\/ceipelsametllers\/wp-json\/wp\/v2\/categories?post=5063"},{"taxonomy":"post_tag","embeddable":true,"href":"https:\/\/agora.xtec.cat\/ceipelsametllers\/wp-json\/wp\/v2\/tags?post=5063"}],"curies":[{"name":"wp","href":"https:\/\/api.w.org\/{rel}","templated":true}]}}