{"id":500,"date":"2015-02-17T13:19:00","date_gmt":"2015-02-17T12:19:00","guid":{"rendered":"http:\/\/agora.xtec.cat\/ceipelsametllers\/general\/el-nadal-a-lescola\/"},"modified":"2015-02-17T13:19:00","modified_gmt":"2015-02-17T12:19:00","slug":"el-nadal-a-lescola","status":"publish","type":"post","link":"https:\/\/agora.xtec.cat\/ceipelsametllers\/festes\/el-nadal-a-lescola\/","title":{"rendered":"EL NADAL A L&#8217;ESCOLA"},"content":{"rendered":"<p><span style=\"color: red;\"><span style=\"background-color: #6aa84f;\"><b>EL NADAL A L&#8217;ESCOLA<\/b><\/span>&nbsp;<\/span><br \/><span style=\"color: red;\">&nbsp;<\/span>Com cada any hem viscut el Nadal a l&#8217;escola i hem gaudit fent diferents tipus d&#8217;activitats! Ens va venir a veure el Ti\u00f3, tamb\u00e9 vam poder donar la carta al patge del rei Baltasar, i per celebrar la festa tots junts, vam fer un concert de Nadal, on vam recitar poemes i vam cantar moltes can\u00e7ons!! Fins i tot els alumnes de 6\u00e8 van tocar una can\u00e7\u00f3 amb la flauta!! Va ser molt bonic!!  Per altra banda vam guarnir l&#8217;escola, i el que m\u00e9s ens va agradar va ser poder penjar un desig als arbres de Nadal que hi havien al hall.  A continuci\u00f3 us deixem unes fotos per que pogueu veure una pinzellada de tot all\u00f2 que vam fer i gaudir!!!<\/p>\n<div style=\"text-align: center;\"><\/div>\n<div style=\"text-align: center;\">&nbsp;<span style=\"background-color: #ffd966;\"><a href=\"https:\/\/plus.google.com\/photos\/101069051287243885876\/albums\/6116785186355332129?banner=pwa\">TI\u00d3<\/a><\/span><\/div>\n<div style=\"text-align: center;\"><\/div>\n<div style=\"text-align: center;\"><span style=\"background-color: white;\">&nbsp;<\/span><span style=\"background-color: #6fa8dc;\"><a href=\"https:\/\/plus.google.com\/photos\/101069051287243885876\/albums\/6116787838644893841?banner=pwa\">PATGE<\/a><\/span>&nbsp;<\/div>\n<div style=\"text-align: center;\"><span style=\"background-color: #93c47d;\"><span style=\"background-color: white;\">&nbsp;<\/span><\/span><\/div>\n<div style=\"text-align: center;\"><span style=\"background-color: #93c47d;\"><a href=\"https:\/\/plus.google.com\/photos\/101069051287243885876\/albums\/6116788477938579409?banner=pwa\">CONCERT DE NADAL<\/a><\/span>   <\/div>\n","protected":false},"excerpt":{"rendered":"<p>EL NADAL A L&#8217;ESCOLA&nbsp;&nbsp;Com cada any hem viscut el Nadal a l&#8217;escola i hem gaudit fent diferents tipus d&#8217;activitats! Ens va venir a veure el Ti\u00f3, tamb\u00e9 vam poder donar la carta al patge del rei Baltasar, i per celebrar la festa tots junts, vam&hellip;  <a href=\"https:\/\/agora.xtec.cat\/ceipelsametllers\/festes\/el-nadal-a-lescola\/\" title=\"Read EL NADAL A L&#8217;ESCOLA\">Llegeix m\u00e9s\u00bb<\/a><\/p>\n","protected":false},"author":1,"featured_media":0,"comment_status":"open","ping_status":"open","sticky":false,"template":"","format":"standard","meta":{"_bbp_topic_count":0,"_bbp_reply_count":0,"_bbp_total_topic_count":0,"_bbp_total_reply_count":0,"_bbp_voice_count":0,"_bbp_anonymous_reply_count":0,"_bbp_topic_count_hidden":0,"_bbp_reply_count_hidden":0,"_bbp_forum_subforum_count":0,"footnotes":""},"categories":[37,36],"tags":[],"class_list":["post-500","post","type-post","status-publish","format-standard","hentry","category-escola","category-festes"],"post_mailing_queue_ids":[],"_links":{"self":[{"href":"https:\/\/agora.xtec.cat\/ceipelsametllers\/wp-json\/wp\/v2\/posts\/500","targetHints":{"allow":["GET"]}}],"collection":[{"href":"https:\/\/agora.xtec.cat\/ceipelsametllers\/wp-json\/wp\/v2\/posts"}],"about":[{"href":"https:\/\/agora.xtec.cat\/ceipelsametllers\/wp-json\/wp\/v2\/types\/post"}],"author":[{"embeddable":true,"href":"https:\/\/agora.xtec.cat\/ceipelsametllers\/wp-json\/wp\/v2\/users\/1"}],"replies":[{"embeddable":true,"href":"https:\/\/agora.xtec.cat\/ceipelsametllers\/wp-json\/wp\/v2\/comments?post=500"}],"version-history":[{"count":0,"href":"https:\/\/agora.xtec.cat\/ceipelsametllers\/wp-json\/wp\/v2\/posts\/500\/revisions"}],"wp:attachment":[{"href":"https:\/\/agora.xtec.cat\/ceipelsametllers\/wp-json\/wp\/v2\/media?parent=500"}],"wp:term":[{"taxonomy":"category","embeddable":true,"href":"https:\/\/agora.xtec.cat\/ceipelsametllers\/wp-json\/wp\/v2\/categories?post=500"},{"taxonomy":"post_tag","embeddable":true,"href":"https:\/\/agora.xtec.cat\/ceipelsametllers\/wp-json\/wp\/v2\/tags?post=500"}],"curies":[{"name":"wp","href":"https:\/\/api.w.org\/{rel}","templated":true}]}}