{"id":497,"date":"2015-02-24T09:29:00","date_gmt":"2015-02-24T08:29:00","guid":{"rendered":"http:\/\/agora.xtec.cat\/ceipelsametllers\/general\/les-constel%c2%b7lacions\/"},"modified":"2015-02-24T09:29:00","modified_gmt":"2015-02-24T08:29:00","slug":"les-constel%c2%b7lacions","status":"publish","type":"post","link":"https:\/\/agora.xtec.cat\/ceipelsametllers\/general\/les-constel%c2%b7lacions\/","title":{"rendered":"Les constel\u00b7lacions"},"content":{"rendered":"<p><span style=\"background-color: #990000;\"><br \/><\/span><\/p>\n<h4><\/h4>\n<h2><span style=\"font-weight: normal;\">&nbsp;&nbsp;&nbsp;&nbsp;&nbsp;&nbsp;&nbsp;&nbsp;&nbsp;&nbsp;<\/span><span style=\"font-size: large;\"><span style=\"font-weight: normal;\">&nbsp;&nbsp;&nbsp;&nbsp;<\/span>&nbsp;&nbsp;&nbsp;&nbsp;&nbsp; <u>CLASSE DE &#8220;LES CONSTEL\u00b7LACIONS&#8221;<\/u><\/span><\/h2>\n<p><b><br \/><\/b><b><br \/><\/b><b><br \/><\/b><b><br \/><\/b><\/p>\n<h2> Als nens i nenes de 2n ens agrada molt mirar el cel quan \u00e9s de nit. Ens hem estirat al terra hem vist que el cel, de nit, est\u00e0 ple d&#8217;estrelles.&nbsp;<\/h2>\n<p><b><br \/><\/b><\/p>\n<h2> Si ens fixem b\u00e9, les estrelles \u00e9s van monvent de lloc durant la nit.&nbsp;<\/h2>\n<h2> &nbsp;<\/h2>\n<h2> Antigament, les persones utilitzaven les estrelles per orientar-se, per saber quan hi habia canvi d&#8217;estaci\u00f3,&#8230;<\/h2>\n<p><b><br \/><\/b><\/p>\n<h2> Si mirem el cel de nit podem veure que les estrelles formen figures imagin\u00e0ries, s\u00f3n les constel\u00b7lacions. Algunes constel\u00b7lacions que hem apr\u00e8s a mirar s\u00f3n: l&#8217;Ossa Major, l&#8217;Ossa Menor, Ori\u00f3, Peg\u00e0s, Lle\u00f3&#8230;<\/h2>\n<div><b><br \/><\/b><\/div>\n<h2> Per poder veure les imatges feu clic aqui &nbsp; &nbsp; &nbsp;<a href=\"https:\/\/plus.google.com\/u\/0\/photos\/111722199171283646879\/albums\/6116734260434587329\" target=\"_blank\">imatges<\/a><\/h2>\n","protected":false},"excerpt":{"rendered":"<p>&nbsp;&nbsp;&nbsp;&nbsp;&nbsp;&nbsp;&nbsp;&nbsp;&nbsp;&nbsp;&nbsp;&nbsp;&nbsp;&nbsp;&nbsp;&nbsp;&nbsp;&nbsp;&nbsp; CLASSE DE &#8220;LES CONSTEL\u00b7LACIONS&#8221;<\/p>\n<p> Als nens i nenes de 2n ens agrada molt mirar el cel quan \u00e9s de nit. Ens hem estirat al terra hem vist que el cel, de nit, est\u00e0 ple d&#8217;estrelles.&nbsp;<\/p>\n<p> Si ens fixem b\u00e9, les estrelles \u00e9s van monvent&hellip;  <a href=\"https:\/\/agora.xtec.cat\/ceipelsametllers\/general\/les-constel%c2%b7lacions\/\" title=\"Read Les constel\u00b7lacions\">Llegeix m\u00e9s\u00bb<\/a><\/p>\n","protected":false},"author":1,"featured_media":0,"comment_status":"open","ping_status":"open","sticky":false,"template":"","format":"standard","meta":{"_bbp_topic_count":0,"_bbp_reply_count":0,"_bbp_total_topic_count":0,"_bbp_total_reply_count":0,"_bbp_voice_count":0,"_bbp_anonymous_reply_count":0,"_bbp_topic_count_hidden":0,"_bbp_reply_count_hidden":0,"_bbp_forum_subforum_count":0,"footnotes":""},"categories":[1],"tags":[],"class_list":["post-497","post","type-post","status-publish","format-standard","hentry","category-general"],"post_mailing_queue_ids":[],"_links":{"self":[{"href":"https:\/\/agora.xtec.cat\/ceipelsametllers\/wp-json\/wp\/v2\/posts\/497","targetHints":{"allow":["GET"]}}],"collection":[{"href":"https:\/\/agora.xtec.cat\/ceipelsametllers\/wp-json\/wp\/v2\/posts"}],"about":[{"href":"https:\/\/agora.xtec.cat\/ceipelsametllers\/wp-json\/wp\/v2\/types\/post"}],"author":[{"embeddable":true,"href":"https:\/\/agora.xtec.cat\/ceipelsametllers\/wp-json\/wp\/v2\/users\/1"}],"replies":[{"embeddable":true,"href":"https:\/\/agora.xtec.cat\/ceipelsametllers\/wp-json\/wp\/v2\/comments?post=497"}],"version-history":[{"count":0,"href":"https:\/\/agora.xtec.cat\/ceipelsametllers\/wp-json\/wp\/v2\/posts\/497\/revisions"}],"wp:attachment":[{"href":"https:\/\/agora.xtec.cat\/ceipelsametllers\/wp-json\/wp\/v2\/media?parent=497"}],"wp:term":[{"taxonomy":"category","embeddable":true,"href":"https:\/\/agora.xtec.cat\/ceipelsametllers\/wp-json\/wp\/v2\/categories?post=497"},{"taxonomy":"post_tag","embeddable":true,"href":"https:\/\/agora.xtec.cat\/ceipelsametllers\/wp-json\/wp\/v2\/tags?post=497"}],"curies":[{"name":"wp","href":"https:\/\/api.w.org\/{rel}","templated":true}]}}