{"id":496,"date":"2015-02-24T09:38:00","date_gmt":"2015-02-24T08:38:00","guid":{"rendered":"http:\/\/agora.xtec.cat\/ceipelsametllers\/general\/els-estels-fugacos\/"},"modified":"2015-02-24T09:38:00","modified_gmt":"2015-02-24T08:38:00","slug":"els-estels-fugacos","status":"publish","type":"post","link":"https:\/\/agora.xtec.cat\/ceipelsametllers\/general\/els-estels-fugacos\/","title":{"rendered":"ELS ESTELS FUGA\u00c7OS"},"content":{"rendered":"<p>Som els nens i nenes de 4t A nosaltres vam escollir de nom per la classe &#8220;Estels fuga\u00e7os &#8220;.Per aquest motiu, us explicarem &nbsp;algunes de les coses que em apr\u00e8s.<br \/>Els estels fuga\u00e7os son petites part\u00edcules, un milimetre i diversos cent\u00edmetres, que provenen de cossos celestes com per exemple dels cometes. Quan la terra travessa les cortines de part\u00edcules deixades pels cometes es quan es produeixen les andromenes pluges d\u00b4estels. Per aquest motiu sempre hi ha diversos \u00e8poques de l&#8217;any en les quals hi ha pluges d\u00b4estels .<br \/>I sab\u00edeu que? Realment s\u00f3n brillants! Quants els meteors,\u00e9s a dir,estels fuga\u00e7os,entren a gran velocitat a l&#8217;Atmosfera de la terra es cremen i produeixen un tra\u00e7 llumin\u00f3s! &nbsp;La gran majoria no arriben a tocar el s\u00f2l , esdistridueixen per la fricci\u00f3 ,a una alcada entre 50 i 90 quilometres .Encara que avegades arriben a la superficie ,llavors reben el nomde &nbsp;mieteorits.<br \/>Esperem que us hagi agradat aquest petit tast . Us deixem unes<a href=\"https:\/\/plus.google.com\/u\/0\/photos\/111722199171283646879\/albums\/6119325183053938993\" target=\"_blank\"><span style=\"color: cyan;\"> <span><\/span>imatges <\/span><\/a><a href=\"https:\/\/www.blogger.com\/\"><span><\/span><\/a>creades per nosaltres<\/p>\n","protected":false},"excerpt":{"rendered":"<p>Som els nens i nenes de 4t A nosaltres vam escollir de nom per la classe &#8220;Estels fuga\u00e7os &#8220;.Per aquest motiu, us explicarem &nbsp;algunes de les coses que em apr\u00e8s.Els estels fuga\u00e7os son petites part\u00edcules, un milimetre i diversos cent\u00edmetres, que provenen de cossos celestes&hellip;  <a href=\"https:\/\/agora.xtec.cat\/ceipelsametllers\/general\/els-estels-fugacos\/\" title=\"Read ELS ESTELS FUGA\u00c7OS\">Llegeix m\u00e9s\u00bb<\/a><\/p>\n","protected":false},"author":1,"featured_media":0,"comment_status":"open","ping_status":"open","sticky":false,"template":"","format":"standard","meta":{"_bbp_topic_count":0,"_bbp_reply_count":0,"_bbp_total_topic_count":0,"_bbp_total_reply_count":0,"_bbp_voice_count":0,"_bbp_anonymous_reply_count":0,"_bbp_topic_count_hidden":0,"_bbp_reply_count_hidden":0,"_bbp_forum_subforum_count":0,"footnotes":""},"categories":[1],"tags":[],"class_list":["post-496","post","type-post","status-publish","format-standard","hentry","category-general"],"post_mailing_queue_ids":[],"_links":{"self":[{"href":"https:\/\/agora.xtec.cat\/ceipelsametllers\/wp-json\/wp\/v2\/posts\/496","targetHints":{"allow":["GET"]}}],"collection":[{"href":"https:\/\/agora.xtec.cat\/ceipelsametllers\/wp-json\/wp\/v2\/posts"}],"about":[{"href":"https:\/\/agora.xtec.cat\/ceipelsametllers\/wp-json\/wp\/v2\/types\/post"}],"author":[{"embeddable":true,"href":"https:\/\/agora.xtec.cat\/ceipelsametllers\/wp-json\/wp\/v2\/users\/1"}],"replies":[{"embeddable":true,"href":"https:\/\/agora.xtec.cat\/ceipelsametllers\/wp-json\/wp\/v2\/comments?post=496"}],"version-history":[{"count":0,"href":"https:\/\/agora.xtec.cat\/ceipelsametllers\/wp-json\/wp\/v2\/posts\/496\/revisions"}],"wp:attachment":[{"href":"https:\/\/agora.xtec.cat\/ceipelsametllers\/wp-json\/wp\/v2\/media?parent=496"}],"wp:term":[{"taxonomy":"category","embeddable":true,"href":"https:\/\/agora.xtec.cat\/ceipelsametllers\/wp-json\/wp\/v2\/categories?post=496"},{"taxonomy":"post_tag","embeddable":true,"href":"https:\/\/agora.xtec.cat\/ceipelsametllers\/wp-json\/wp\/v2\/tags?post=496"}],"curies":[{"name":"wp","href":"https:\/\/api.w.org\/{rel}","templated":true}]}}