{"id":495,"date":"2015-02-24T09:48:00","date_gmt":"2015-02-24T08:48:00","guid":{"rendered":"http:\/\/agora.xtec.cat\/ceipelsametllers\/general\/495\/"},"modified":"2015-02-24T09:48:00","modified_gmt":"2015-02-24T08:48:00","slug":"495","status":"publish","type":"post","link":"https:\/\/agora.xtec.cat\/ceipelsametllers\/general\/495\/","title":{"rendered":""},"content":{"rendered":"<div style=\"text-align: center;\"><b><u><span style=\"background-color: #a2c4c9; color: purple; font-size: large;\">PADRINS DE LECTURA<\/span><\/u><\/b><\/div>\n<div style=\"text-align: center;\"><\/div>\n<div style=\"text-align: left;\">Aquest any hem iniciat l&#8217;apadrinament lector.\u00c9s una activitat cooperativa que es realitza en parelles formades per alumnes de sis\u00e8 que fan de padrins de lectura que els alumnes de primer de prim\u00e0ria que fan de fillols.Tamb\u00e9 ho s\u00f3n els companys i companyes de cinqu\u00e8 amb els de P5.<\/div>\n<div style=\"text-align: left;\"><\/div>\n<div style=\"text-align: left;\">El fet de ser padr\u00ed de lectura representa que el padr\u00ed adquireix el comprom\u00eds principal de vetllar de l&#8217;aprenentge lector del seu fillol.L&#8217;ajuda d&#8217;aprendre a llegir,a l&#8217;hora que mira d&#8217;encomanar-li el gust per la lectura tot engrescan-lo a llegi.<\/div>\n<div style=\"text-align: left;\">Hem fet sessions abans d&#8217;iniciar l&#8217;activitat per apendre a explicar contes,a fer b\u00e9 les pauses,i com hem d&#8217;ajudar-los en el seu proc\u00e9s lector.<\/div>\n<div style=\"text-align: left;\"><\/div>\n<div style=\"text-align: center;\"><b><u><span style=\"background-color: #a2c4c9; color: purple; font-size: large;\">ELS OBJECTIUS DELS PADRINS LECTORS:&nbsp;<\/span><\/u><\/b><\/div>\n<div style=\"text-align: center;\"><\/div>\n<div style=\"text-align: left;\"><\/div>\n<div style=\"text-align: left;\">&#8211; Potenciar els aprenetatges per part de tots els participants (padrins i fillols)<\/div>\n<div style=\"text-align: left;\">-Crear contextos significatius d&#8217;eprenentatge (llegeixo perqu\u00e8 alg\u00fa m&#8217;entengui, llegeixo per alg\u00fa que li interessa escoltar-me<br \/><span style=\"font-family: Arial, sans-serif;\"><span style=\"font-size: x-small;\"><br \/><\/span><\/span><span style=\"font-family: Arial, sans-serif;\"><span style=\"font-size: x-small;\">&#8211;<\/span><\/span><span style=\"font-family: Times, Times New Roman, serif;\">Establir lligams afectius entre padrins i fillols al voltant de la lectura<\/span><\/p>\n<div><span lang=\"CA\"><span style=\"font-family: Times, Times New Roman, serif;\"><br \/><\/span><\/span><\/div>\n<div><span lang=\"CA\"><span style=\"font-family: Times, Times New Roman, serif;\">&nbsp;<\/span><\/span><span style=\"font-family: Times, 'Times New Roman', serif;\">-Generar una experi\u00e8ncia positiva i plaent de lectura<\/span><\/div>\n<div><\/div>\n<div><span style=\"font-family: Times, 'Times New Roman', serif;\">Aquestes s\u00f3n algunes de les nostres opinions sobre l\u2019activitat:<\/span><\/div>\n<div><\/div>\n<div><\/div>\n<p><span style=\"font-family: Times, Times New Roman, serif;\"><b>Luna Rubio<\/b><\/span><br \/><span style=\"font-size: x-small;\"><span style=\"font-family: Arial, sans-serif;\"><br \/><\/span><\/span><span style=\"font-size: x-small;\"><span style=\"font-family: Arial, sans-serif;\">Aquest any ens ha tocat ser padrins\/es de lectura dels nens de 1r,la meva fillola, <\/span><span style=\"font-family: Arial, sans-serif;\">&nbsp;<\/span><span style=\"font-family: Arial, sans-serif;\">la Lucia, es una mica vergonyosa per\u00f2 amb mi ja t\u00e9<\/span><span style=\"font-family: Arial, sans-serif;\">&nbsp; <\/span><span style=\"font-family: Arial, sans-serif;\">confian\u00e7a.<\/span><\/span><\/p>\n<div><span lang=\"CA\" style=\"font-family: Arial, sans-serif;\"><span style=\"font-size: x-small;\">El qu\u00e8 &nbsp;ens estem propossant els nens de 6\u00e8, &nbsp;\u00e9s ajudar als nostres fillols a llegir millor, i ho estem aconseguin!.<o:p><\/o:p><\/span><\/span><\/div>\n<p><span lang=\"CA\" style=\"font-family: Arial, sans-serif;\"><span style=\"font-size: x-small;\">Espero amb molta confian\u00e7a que pugui ensenyar a la meva fillola &nbsp;a llegir molt b\u00e9.<\/span><\/span><br \/><span style=\"font-family: Arial, sans-serif; font-size: 14pt;\"><br \/><\/span><span style=\"font-family: Arial, sans-serif;\"><span style=\"font-size: x-small;\"><b>Maitane Ruiz<\/b><\/span><\/span><\/p>\n<div><\/div>\n<div><span lang=\"CA\" style=\"font-family: Arial, sans-serif;\"><span style=\"font-size: x-small;\">Els padrins\/es s\u00f3n els nens\/es de 5\u00e8 i 6\u00e8 i els fillols s\u00f3n els nens\/es de P5 i 1r.<o:p><\/o:p><\/span><\/span><\/div>\n<div><span lang=\"CA\" style=\"font-family: Arial, sans-serif;\"><span style=\"font-size: x-small;\">Nosaltres els ajudem a que millorin el nivell de lectura.<o:p><\/o:p><\/span><\/span><\/div>\n<div><span lang=\"CA\" style=\"font-family: Arial, sans-serif;\"><span style=\"font-size: x-small;\">   <\/span><\/span><\/div>\n<div><span lang=\"CA\" style=\"font-family: Arial, sans-serif;\"><span style=\"font-size: x-small;\">Ho fem cada dimarts quan arribem de casa i estem uns 20 minuts llegint amb ells\/es.<\/span><span style=\"font-size: medium;\"><o:p><\/o:p><\/span><\/span><\/div>\n<div><span style=\"font-size: x-small;\"><span style=\"font-family: Arial, sans-serif;\">L\u2019activitat la fem en diverses<\/span><span style=\"font-family: Arial, sans-serif;\">&nbsp; <\/span><span style=\"font-family: Arial, sans-serif;\">aules .<\/span><\/span><\/div>\n<div><span lang=\"CA\" style=\"font-family: Arial, sans-serif;\"><span style=\"font-size: x-small;\">Per a mi ser padrina &nbsp;\u00e9s una activitat molt important, perqu\u00e8 &nbsp;els podem ajudar a llegir.<o:p><\/o:p><\/span><\/span><\/div>\n<div><\/div>\n<div><span lang=\"CA\" style=\"font-family: Arial, sans-serif;\"><span style=\"font-size: x-small;\"><b>Ariadna Padilla <o:p><\/o:p><\/b><\/span><\/span><\/div>\n<div><\/div>\n<div><span style=\"font-family: Arial, sans-serif; font-size: x-small;\">El meu fillol <\/span><span style=\"font-family: Arial, sans-serif; font-size: x-small;\">&nbsp;<\/span><span style=\"font-family: Arial, sans-serif; font-size: x-small;\">\u00e9s un nen , en Gabriel.<\/span><\/div>\n<div><\/div>\n<div><span lang=\"CA\" style=\"font-family: Arial, sans-serif;\"><span style=\"font-size: x-small;\">Sempre els dimarts llegim a la tarda .El Grabriel i jo ens divertim llegint perqu\u00e8 &nbsp;de &nbsp;vegades el Gabriel agafa llibres &nbsp;molt curtets i divertits.<\/span><\/span><span style=\"font-family: Arial, sans-serif; font-size: x-small;\">&nbsp;&nbsp;<\/span><br \/><span style=\"font-family: Arial, sans-serif; font-size: x-small;\"><br \/><\/span><span style=\"font-family: Arial, sans-serif; font-size: x-small;\"><br \/><\/span><span style=\"font-family: Arial, sans-serif; font-size: x-small;\">Aqu\u00ed us deixem unes<a href=\"https:\/\/plus.google.com\/u\/0\/photos\/111722199171283646879\/albums\/6119330184804130033\" target=\"_blank\"> <span style=\"color: cyan;\">imatges<\/span><\/a><span style=\"color: cyan;\">.<\/span><\/span><\/div>\n<div><span lang=\"CA\" style=\"font-family: &quot;Arial&quot;,&quot;sans-serif&quot;; font-size: 14.0pt;\"><o:p><\/o:p><\/span><\/div>\n<\/div>\n","protected":false},"excerpt":{"rendered":"<p>PADRINS DE LECTURA<\/p>\n<p>Aquest any hem iniciat l&#8217;apadrinament lector.\u00c9s una activitat cooperativa que es realitza en parelles formades per alumnes de sis\u00e8 que fan de padrins de lectura que els alumnes de primer de prim\u00e0ria que fan de fillols.Tamb\u00e9 ho s\u00f3n els companys i companyes de&hellip;  <a href=\"https:\/\/agora.xtec.cat\/ceipelsametllers\/general\/495\/\" title=\"Read \">Llegeix m\u00e9s\u00bb<\/a><\/p>\n","protected":false},"author":1,"featured_media":0,"comment_status":"open","ping_status":"open","sticky":false,"template":"","format":"standard","meta":{"_bbp_topic_count":0,"_bbp_reply_count":0,"_bbp_total_topic_count":0,"_bbp_total_reply_count":0,"_bbp_voice_count":0,"_bbp_anonymous_reply_count":0,"_bbp_topic_count_hidden":0,"_bbp_reply_count_hidden":0,"_bbp_forum_subforum_count":0,"footnotes":""},"categories":[1],"tags":[],"class_list":["post-495","post","type-post","status-publish","format-standard","hentry","category-general"],"post_mailing_queue_ids":[],"_links":{"self":[{"href":"https:\/\/agora.xtec.cat\/ceipelsametllers\/wp-json\/wp\/v2\/posts\/495","targetHints":{"allow":["GET"]}}],"collection":[{"href":"https:\/\/agora.xtec.cat\/ceipelsametllers\/wp-json\/wp\/v2\/posts"}],"about":[{"href":"https:\/\/agora.xtec.cat\/ceipelsametllers\/wp-json\/wp\/v2\/types\/post"}],"author":[{"embeddable":true,"href":"https:\/\/agora.xtec.cat\/ceipelsametllers\/wp-json\/wp\/v2\/users\/1"}],"replies":[{"embeddable":true,"href":"https:\/\/agora.xtec.cat\/ceipelsametllers\/wp-json\/wp\/v2\/comments?post=495"}],"version-history":[{"count":0,"href":"https:\/\/agora.xtec.cat\/ceipelsametllers\/wp-json\/wp\/v2\/posts\/495\/revisions"}],"wp:attachment":[{"href":"https:\/\/agora.xtec.cat\/ceipelsametllers\/wp-json\/wp\/v2\/media?parent=495"}],"wp:term":[{"taxonomy":"category","embeddable":true,"href":"https:\/\/agora.xtec.cat\/ceipelsametllers\/wp-json\/wp\/v2\/categories?post=495"},{"taxonomy":"post_tag","embeddable":true,"href":"https:\/\/agora.xtec.cat\/ceipelsametllers\/wp-json\/wp\/v2\/tags?post=495"}],"curies":[{"name":"wp","href":"https:\/\/api.w.org\/{rel}","templated":true}]}}