{"id":483,"date":"2015-05-05T12:08:00","date_gmt":"2015-05-05T11:08:00","guid":{"rendered":"http:\/\/agora.xtec.cat\/ceipelsametllers\/general\/setmana-cultural-de-lespai\/"},"modified":"2015-05-05T12:08:00","modified_gmt":"2015-05-05T11:08:00","slug":"setmana-cultural-de-lespai","status":"publish","type":"post","link":"https:\/\/agora.xtec.cat\/ceipelsametllers\/setmana-cultural\/setmana-cultural-de-lespai\/","title":{"rendered":"Setmana Cultural de l&#8217;Espai"},"content":{"rendered":"<div style=\"text-align: justify;\">\n<p>Com ja sabeu, aquest curs el tema triat ha estat l&#8217;espai. Al mes de mar\u00e7 vam celebrar la Setmana Cultural dedicada a aquest tema.&nbsp;<\/p><\/div>\n<div style=\"text-align: justify;\">Els nens i nenes d&#8217;infantil i prim\u00e0ria van estar realitzant diferents tallers per investigar i con\u00e8ixer tot all\u00f2 relacionat amb l&#8217;espai.<\/div>\n<div><\/div>\n<div><\/div>\n<div><u style=\"background-color: #b4a7d6;\">TALLERS D&#8217;EDUCACI\u00d3 INFANTIL<\/u><\/div>\n<div><u><br \/><\/u><\/div>\n<div>BIG BANG: A trav\u00e9s d&#8217;un conte, els\/les alumnes han apr\u00e8s l&#8217;origen del sistema solar i els seus elements.<\/div>\n<div><\/div>\n<div>CONSTEL\u00b7LACIONS: A trav\u00e9s d&#8217;un programa inform\u00e0tic l&#8217;alumnat van descobrir les constel\u00b7lacions i drespr\u00e9s vam utilitzar la pl\u00e0stica per crear les nostres constel\u00b7lacions amb pintura fluorescent.<\/div>\n<div><\/div>\n<div>ELS PLANETES: Vam con\u00e8ixer les caracter\u00edstiques dels planetes i els vam reproduir pl\u00e0sticament amb diferents t\u00e8cniques.<\/div>\n<div><\/div>\n<div>VIATGEM PER L&#8217;ESPAI: els nens i nenes d&#8217;educaci\u00f3 infantil van veure com viuen els astronautes a l&#8217;estaci\u00f3 Internacional Espacial amb videos i despr\u00e9s ho van imitar fent joc simb\u00f2lic en una estaci\u00f3 espacial recreada a l&#8217;aula de psicomotricitat.<\/div>\n<div><\/div>\n<div><\/div>\n<div>TELESCOPI: Es van instal\u00b7lar dos telescopis al pati amb els quals els nens i nenes d&#8217;educaci\u00f3 infantil van poder observar com augmenta la imatge quan observem a trav\u00e9s d&#8217;ell., despr\u00e9s van fer una manualitat de creaci\u00f3 d&#8217;un telescopi.<\/div>\n<div><\/div>\n<div>EXTRATERRESTRES: L&#8217;alumnat ha fet una activitat de modelatge d&#8217;extraterrestres amb plastilina fluorescent.&nbsp;<\/div>\n<div><\/div>\n<div>COETS: Els\/les alumnes d&#8217;educaci\u00f3 infantil van crear uns coets amb gots.<\/div>\n<div><\/div>\n<div>RELLOTGE DE SOL: Creaci\u00f3 d&#8217;un rellotge solar.<\/div>\n<div><\/div>\n<div><\/div>\n<div><\/div>\n<div><\/div>\n<div><span style=\"background-color: #93c47d;\"><u>TALLERS D&#8217;EDUCACI\u00d3 PRIM\u00c0RIA <\/u>(1r-2n-3r)<\/span><\/div>\n<div><\/div>\n<div>M\u00d2BIL DE L&#8217;ESPAI: Els alumnes han gaudit realitzant un m\u00f2bil amb elements de l&#8217;espai.<\/div>\n<div><\/div>\n<div>CUINA: A trav\u00e9s de la cuina, els alumnes han apr\u00e8s a fer galetes de mantega en forma de planeta Terra.<\/div>\n<div><\/div>\n<div>CREACI\u00d3 DE CONSTEL\u00b7LACIONS: L&#8217;alumnat ha apr\u00e8s les hist\u00f2ries mitol\u00f2giques de les constel\u00b7lacions i n&#8217;han creat de noves.<\/div>\n<div><\/div>\n<div>PLANETES: Els alumnes han conegut el nostre sistema solar i han realitzat un sistema solar de plastilina.<\/div>\n<div><\/div>\n<div>ENTRENA&#8217;T COM UN ASTRONAUTA. Des del gimn\u00e0s de l&#8217;escola, els\/les alumnes han entrenat realitzant exercicis tal i com farien els astronautes per preparar-se abans d&#8217;anar a l&#8217;espai.<\/div>\n<div><\/div>\n<div><\/div>\n<div><span style=\"background-color: #6fa8dc;\"><u>TALLERS D&#8217;EDUCACI\u00d3 PRIM\u00c0RIA&nbsp;<\/u>(4t-5\u00e8-6\u00e8)<\/span><\/div>\n<div>VIATGEM A L&#8217;ESPAI:&nbsp;<\/div>\n<div><\/div>\n<div>TITELLES EXTRATERRESTRES: Des de la imaginaci\u00f3, cada alumne ha creat el seu extraterrestre a partir de bosses de paper craft.<\/div>\n<div><\/div>\n<div>LABORATORI DE LECTURA: l&#8217;alumnat ha estat espectador de les il\u00b7lustracions, sobre el cel, fetes per diversos autors, despr\u00e9s han estat ells els protagonistes realitzant la seva pr\u00f2pia obra d&#8217;art amb el cel com a protagonista.<\/div>\n<div><\/div>\n<div>CONSCI\u00c8NCIA MEDIAMBIENTAL: Els alumnes han pogut con\u00e8ixer les dificultats per les que passa el nostre planeta i les han plasmat en uns murals.<\/div>\n<div><\/div>\n<div>LES CONSTEL\u00b7LACIONS: Els nens i nenes de l&#8217;escola van poder investigar i buscar aquelles constel\u00b7lacions que durant el mes de mar\u00e7 es veuen al cel; despr\u00e9s van poder produir les seves pr\u00f2pes constel\u00b7lacions amb pintura fluorescent.<\/div>\n","protected":false},"excerpt":{"rendered":"<p>Com ja sabeu, aquest curs el tema triat ha estat l&#8217;espai. Al mes de mar\u00e7 vam celebrar la Setmana Cultural dedicada a aquest tema.&nbsp;<br \/>\nEls nens i nenes d&#8217;infantil i prim\u00e0ria van estar realitzant diferents tallers per investigar i con\u00e8ixer tot all\u00f2 relacionat amb l&#8217;espai.<\/p>\n<p>TALLERS D&#8217;EDUCACI\u00d3&hellip;  <a href=\"https:\/\/agora.xtec.cat\/ceipelsametllers\/setmana-cultural\/setmana-cultural-de-lespai\/\" title=\"Read Setmana Cultural de l&#8217;Espai\">Llegeix m\u00e9s\u00bb<\/a><\/p>\n","protected":false},"author":1,"featured_media":0,"comment_status":"open","ping_status":"open","sticky":false,"template":"","format":"standard","meta":{"_bbp_topic_count":0,"_bbp_reply_count":0,"_bbp_total_topic_count":0,"_bbp_total_reply_count":0,"_bbp_voice_count":0,"_bbp_anonymous_reply_count":0,"_bbp_topic_count_hidden":0,"_bbp_reply_count_hidden":0,"_bbp_forum_subforum_count":0,"footnotes":""},"categories":[38],"tags":[],"class_list":["post-483","post","type-post","status-publish","format-standard","hentry","category-setmana-cultural"],"post_mailing_queue_ids":[],"_links":{"self":[{"href":"https:\/\/agora.xtec.cat\/ceipelsametllers\/wp-json\/wp\/v2\/posts\/483","targetHints":{"allow":["GET"]}}],"collection":[{"href":"https:\/\/agora.xtec.cat\/ceipelsametllers\/wp-json\/wp\/v2\/posts"}],"about":[{"href":"https:\/\/agora.xtec.cat\/ceipelsametllers\/wp-json\/wp\/v2\/types\/post"}],"author":[{"embeddable":true,"href":"https:\/\/agora.xtec.cat\/ceipelsametllers\/wp-json\/wp\/v2\/users\/1"}],"replies":[{"embeddable":true,"href":"https:\/\/agora.xtec.cat\/ceipelsametllers\/wp-json\/wp\/v2\/comments?post=483"}],"version-history":[{"count":0,"href":"https:\/\/agora.xtec.cat\/ceipelsametllers\/wp-json\/wp\/v2\/posts\/483\/revisions"}],"wp:attachment":[{"href":"https:\/\/agora.xtec.cat\/ceipelsametllers\/wp-json\/wp\/v2\/media?parent=483"}],"wp:term":[{"taxonomy":"category","embeddable":true,"href":"https:\/\/agora.xtec.cat\/ceipelsametllers\/wp-json\/wp\/v2\/categories?post=483"},{"taxonomy":"post_tag","embeddable":true,"href":"https:\/\/agora.xtec.cat\/ceipelsametllers\/wp-json\/wp\/v2\/tags?post=483"}],"curies":[{"name":"wp","href":"https:\/\/api.w.org\/{rel}","templated":true}]}}