{"id":482,"date":"2015-05-05T12:20:00","date_gmt":"2015-05-05T11:20:00","guid":{"rendered":"http:\/\/agora.xtec.cat\/ceipelsametllers\/general\/482\/"},"modified":"2015-05-05T12:20:00","modified_gmt":"2015-05-05T11:20:00","slug":"482","status":"publish","type":"post","link":"https:\/\/agora.xtec.cat\/ceipelsametllers\/festes\/482\/","title":{"rendered":""},"content":{"rendered":"<div style=\"text-align: center;\"><span style=\"color: #38761d;\"><b><span style=\"font-size: large;\"><u>CELEBREM SANT JORDI A L&#8217;ESCOLA<\/u><\/span><\/b><\/span><\/div>\n<div style=\"text-align: justify;\"><\/div>\n<div style=\"text-align: justify;\"><span style=\"color: red;\"><span style=\"color: #6aa84f;\"><span style=\"font-size: large;\"><span style=\"color: black;\">Un any m\u00e9s, la nostra escola, ha celebrat la diada de Sant Jordi. Aquest any ha estat una mica m\u00e9s especial perqu\u00e8 li hem dedicat la festa a la fada Ametlleta, la fada de la nostra biblioteca.&nbsp;<\/span><\/span><\/span><\/span><\/div>\n<div style=\"text-align: justify;\"><\/div>\n<div style=\"text-align: justify;\"><span style=\"color: red;\"><span style=\"color: #6aa84f;\"><span style=\"font-size: large;\"><span style=\"color: black;\">Durant el mat\u00ed, els nens i nenes d&#8217;educaci\u00f3 infantil, cicle inicial i 3r, van escoltar el conte de la fada i tot seguit van fer activitats pl\u00e0stiques relacionades amb aquesta (un collage de la fada, varetes m\u00e0giques, una casa per l&#8217;Ametlleta, puzzles, fades de plastilina,&#8230;).<\/span><\/span><\/span><\/span><\/div>\n<div style=\"text-align: justify;\"><\/div>\n<div style=\"text-align: justify;\"><span style=\"color: red;\"><span style=\"color: #6aa84f;\"><span style=\"font-size: large;\"><span style=\"color: black;\">Els nens i nenes de 4rt i cicle superior van dedicar el mat\u00ed a preparar del\u00edcies de la fada Ametlleta: galetes d&#8217;ametlla, gelat d&#8217;ametlla i varetes de xocolata i ametlla. Mmmmmm estava tot bon\u00edssim!!!<\/span><\/span><\/span><\/span><\/div>\n<div style=\"text-align: justify;\"><\/div>\n<div style=\"text-align: justify;\"><span style=\"color: red;\"><span style=\"color: #6aa84f;\"><span style=\"font-size: large;\"><span style=\"color: black;\">Quan va arribar la tarda, ens vam reunir tots al <i>hall <\/i>de l&#8217;escola i all\u00e0 cada cicle va cantar una can\u00e7\u00f3 de Sant Jordi. En finalitzar l&#8217;acte, &#8220;l&#8217;Ametlleta&#8221; ens va obsequiar amb uns contes per a cada aula; i tot seguit vam menjar les del\u00edcies d&#8217;ametlla i vam anar a mirar els treballs que van fer tots els alumnes de l&#8217;escola.&nbsp;<\/span><\/span><\/span><\/span><\/div>\n<div style=\"text-align: justify;\"><span style=\"color: red;\"><span style=\"color: #6aa84f;\"><span style=\"font-size: large;\"><span style=\"color: black;\"><br \/><\/span><\/span><\/span><\/span><\/div>\n<div style=\"text-align: justify;\"><span style=\"color: red;\"><span style=\"color: #6aa84f;\"><span style=\"font-size: large;\"><span style=\"color: black;\">Aqu\u00ed us deixem algunes fotos de la diada de Sant Jordi a la nostra escola.&nbsp;<\/span><\/span><\/span><\/span><\/div>\n<p><a href=\"https:\/\/plus.google.com\/photos\/101069051287243885876\/albums\/6145345445834847505?authkey=CIKxrrTDzP3D9AE\" target=\"_blank\"><br \/><\/a><\/p>\n<div style=\"text-align: center;\"><span style=\"color: red;\"><span style=\"background-color: #eeeeee;\"><span style=\"color: #6aa84f;\"><span style=\"font-size: large;\"><span style=\"color: black;\"><a href=\"https:\/\/plus.google.com\/photos\/101069051287243885876\/albums\/6145345445834847505?authkey=CIKxrrTDzP3D9AE\" target=\"_blank\"><span style=\"background-color: #93c47d;\"><span style=\"color: red;\"><b>FOTOS<\/b><\/span><\/span><\/a> <\/span><\/span><\/span><\/span><\/span><\/div>\n<div style=\"text-align: justify;\"><\/div>\n<div style=\"text-align: justify;\"><span style=\"color: red;\"><span style=\"background-color: #eeeeee;\"><span style=\"color: #6aa84f;\"><span style=\"font-size: large;\"><span style=\"color: black;\">&nbsp;<\/span> <\/span><\/span><\/span><\/span><\/div>\n","protected":false},"excerpt":{"rendered":"<p>CELEBREM SANT JORDI A L&#8217;ESCOLA<\/p>\n<p>Un any m\u00e9s, la nostra escola, ha celebrat la diada de Sant Jordi. Aquest any ha estat una mica m\u00e9s especial perqu\u00e8 li hem dedicat la festa a la fada Ametlleta, la fada de la nostra biblioteca.&nbsp;<\/p>\n<p>Durant el mat\u00ed, els nens&hellip;  <a href=\"https:\/\/agora.xtec.cat\/ceipelsametllers\/festes\/482\/\" title=\"Read \">Llegeix m\u00e9s\u00bb<\/a><\/p>\n","protected":false},"author":1,"featured_media":0,"comment_status":"open","ping_status":"open","sticky":false,"template":"","format":"standard","meta":{"_bbp_topic_count":0,"_bbp_reply_count":0,"_bbp_total_topic_count":0,"_bbp_total_reply_count":0,"_bbp_voice_count":0,"_bbp_anonymous_reply_count":0,"_bbp_topic_count_hidden":0,"_bbp_reply_count_hidden":0,"_bbp_forum_subforum_count":0,"footnotes":""},"categories":[36],"tags":[],"class_list":["post-482","post","type-post","status-publish","format-standard","hentry","category-festes"],"post_mailing_queue_ids":[],"_links":{"self":[{"href":"https:\/\/agora.xtec.cat\/ceipelsametllers\/wp-json\/wp\/v2\/posts\/482","targetHints":{"allow":["GET"]}}],"collection":[{"href":"https:\/\/agora.xtec.cat\/ceipelsametllers\/wp-json\/wp\/v2\/posts"}],"about":[{"href":"https:\/\/agora.xtec.cat\/ceipelsametllers\/wp-json\/wp\/v2\/types\/post"}],"author":[{"embeddable":true,"href":"https:\/\/agora.xtec.cat\/ceipelsametllers\/wp-json\/wp\/v2\/users\/1"}],"replies":[{"embeddable":true,"href":"https:\/\/agora.xtec.cat\/ceipelsametllers\/wp-json\/wp\/v2\/comments?post=482"}],"version-history":[{"count":0,"href":"https:\/\/agora.xtec.cat\/ceipelsametllers\/wp-json\/wp\/v2\/posts\/482\/revisions"}],"wp:attachment":[{"href":"https:\/\/agora.xtec.cat\/ceipelsametllers\/wp-json\/wp\/v2\/media?parent=482"}],"wp:term":[{"taxonomy":"category","embeddable":true,"href":"https:\/\/agora.xtec.cat\/ceipelsametllers\/wp-json\/wp\/v2\/categories?post=482"},{"taxonomy":"post_tag","embeddable":true,"href":"https:\/\/agora.xtec.cat\/ceipelsametllers\/wp-json\/wp\/v2\/tags?post=482"}],"curies":[{"name":"wp","href":"https:\/\/api.w.org\/{rel}","templated":true}]}}