{"id":4794,"date":"2025-04-25T16:26:26","date_gmt":"2025-04-25T14:26:26","guid":{"rendered":"https:\/\/agora.xtec.cat\/ceipelsametllers\/?p=4794"},"modified":"2025-04-25T16:45:10","modified_gmt":"2025-04-25T14:45:10","slug":"projectes-globalitzats-de-cicle-superior-1r-torn","status":"publish","type":"post","link":"https:\/\/agora.xtec.cat\/ceipelsametllers\/general\/projectes-globalitzats-de-cicle-superior-1r-torn\/","title":{"rendered":"Projectes Globalitzats de Cicle Superior &#8211; 1r torn"},"content":{"rendered":"<p>A Cicle Superior, durant el primer torn de Projectes Globalitzats, l&#8217;alumnat ha treballat els seg\u00fcents projectes:<\/p>\n<ul>\n<li><b>Projecte \u201dEls castells i castellers\u201d\u00a0<\/b><\/li>\n<\/ul>\n<p><span style=\"font-weight: 400;\">El projecte \u201cEls Castells\u201d combina la cultura dels castells amb activitats pr\u00e0ctiques que inclouen matem\u00e0tiques, medi i llengua catalana. A trav\u00e9s de la manipulaci\u00f3 i el treball cooperatiu, els alumnes desenvolupen habilitats tant acad\u00e8miques com emocionals mentre descobreixen una tradici\u00f3 catalana.<\/span><\/p>\n<ul>\n<li><b>Projecte \u201dEl nostre origen\u201d<\/b><\/li>\n<\/ul>\n<p><span style=\"font-weight: 400;\">Al projecte<\/span><b> \u201c Els nostres or\u00edgens\u201d <\/b><span style=\"font-weight: 400;\">hem treballat\u00a0 de manera interdisciplinar les etapes de la prehist\u00f2ria. Els alumnes han realitzat una recerca exhaustiva sobre el tema i han elaborat diverses creacions pl\u00e0stiques, com figures de massa de sal i pintures rupestres. A m\u00e9s, han dissenyat un p\u00f2ster amb les idees m\u00e9s representatives de les diferents \u00e8poques, el qual han exposat en la presentaci\u00f3 final amb el suport de materials digitals.<\/span><\/p>\n<ul>\n<li><b>Projecte \u201dConstrucci\u00f3 de maquetes\u201d<\/b><\/li>\n<\/ul>\n<p><span style=\"font-weight: 400;\">Al Projecte \u201cConstrucci\u00f3 de maquetes\u201d s\u2019han treballat conceptes matem\u00e0tics com: canvi d\u2019unitats, passar mesures a escala i fent servir la regla de tres. Despr\u00e9s a partir de les mesures reals de la seva habitaci\u00f3 i un cop dominats els conceptes matem\u00e0tics treballats, han realitzat el treball pl\u00e0stic de construcci\u00f3 de la maqueta de la seva habitaci\u00f3 utilitzant cartr\u00f3 i silicona.<\/span><\/p>\n<ul>\n<li><b>Projecte \u201dRob\u00f2tica\u201d<\/b><\/li>\n<\/ul>\n<p><span style=\"font-weight: 400;\">Al projecte de rob\u00f2tica s\u2019ha plantejat un repte a l\u2019alumnat, on havien d\u2019imaginar que arribat l\u2019any 2050, un grup d&#8217;estudiants ha creat un \u201cRoboseguici popular futurista\u201d. L\u2019alumnat ha fet \u00fas de totes les seves destreses STEAM per dissenyar b\u00e8sties semblants a les del seguici popular, robotitzades, programades amb les plaques microbit i controlades amb un comandament de disseny propi.<\/span><\/p>\n\r\n\t<div class=\"slideshow_container slideshow_container_style-light\" style=\"height: 300px; \" data-slideshow-id=\"4775\" data-style-name=\"style-light\" data-style-version=\"2.3.1\" >\r\n\r\n\t\t\t\t\t<div class=\"slideshow_loading_icon\"><\/div>\r\n\t\t\r\n\t\t<div class=\"slideshow_content\" style=\"display: none;\">\r\n\r\n\t\t\t<div class=\"slideshow_view\">\r\n\t\t\t\t<div class=\"slideshow_slide slideshow_slide_image\">\r\n\t\t\t\t\t\t\t\t\t\t\t<img src=\"https:\/\/agora.xtec.cat\/ceipelsametllers\/wp-content\/uploads\/usu1019\/2025\/04\/WhatsApp-Image-2025-04-25-at-16.14.48.jpeg\" alt=\"\" width=\"2048\" height=\"1152\" \/>\r\n\t\t\t\t\t\t\t\t\t\t<div class=\"slideshow_description_box slideshow_transparent\">\r\n\t\t\t\t\t\t\t\t\t\t\t\t\t\t\t\t\t<\/div>\r\n\t\t\t\t<\/div>\r\n\r\n\t\t\t\t\t\t<div style=\"clear: both;\"><\/div><\/div><div class=\"slideshow_view\">\r\n\t\t\t\t<div class=\"slideshow_slide slideshow_slide_image\">\r\n\t\t\t\t\t\t\t\t\t\t\t<img src=\"https:\/\/agora.xtec.cat\/ceipelsametllers\/wp-content\/uploads\/usu1019\/2025\/04\/IMG_8396-1600x1200-1.jpg\" alt=\"\" width=\"1600\" height=\"1200\" \/>\r\n\t\t\t\t\t\t\t\t\t\t<div class=\"slideshow_description_box slideshow_transparent\">\r\n\t\t\t\t\t\t\t\t\t\t\t\t\t\t\t\t\t<\/div>\r\n\t\t\t\t<\/div>\r\n\r\n\t\t\t\t\t\t<div style=\"clear: both;\"><\/div><\/div><div class=\"slideshow_view\">\r\n\t\t\t\t<div class=\"slideshow_slide slideshow_slide_image\">\r\n\t\t\t\t\t\t\t\t\t\t\t<img src=\"https:\/\/agora.xtec.cat\/ceipelsametllers\/wp-content\/uploads\/usu1019\/2025\/04\/IMG_20241210_151230-1600x1200-1.jpg\" alt=\"IMG_20241210_151230 [1600x1200]\" width=\"1600\" height=\"1200\" \/>\r\n\t\t\t\t\t\t\t\t\t\t<div class=\"slideshow_description_box slideshow_transparent\">\r\n\t\t\t\t\t\t\t\t\t\t\t\t\t\t\t\t\t<\/div>\r\n\t\t\t\t<\/div>\r\n\r\n\t\t\t\t\t\t<div style=\"clear: both;\"><\/div><\/div><div class=\"slideshow_view\">\r\n\t\t\t\t<div class=\"slideshow_slide slideshow_slide_image\">\r\n\t\t\t\t\t\t\t\t\t\t\t<img src=\"https:\/\/agora.xtec.cat\/ceipelsametllers\/wp-content\/uploads\/usu1019\/2025\/04\/IMG_8397-1600x1200-1.jpg\" alt=\"IMG_8397 [1600x1200]\" width=\"1600\" height=\"1200\" \/>\r\n\t\t\t\t\t\t\t\t\t\t<div class=\"slideshow_description_box slideshow_transparent\">\r\n\t\t\t\t\t\t\t\t\t\t\t\t\t\t\t\t\t<\/div>\r\n\t\t\t\t<\/div>\r\n\r\n\t\t\t\t\t\t<div style=\"clear: both;\"><\/div><\/div><div class=\"slideshow_view\">\r\n\t\t\t\t<div class=\"slideshow_slide slideshow_slide_image\">\r\n\t\t\t\t\t\t\t\t\t\t\t<img src=\"https:\/\/agora.xtec.cat\/ceipelsametllers\/wp-content\/uploads\/usu1019\/2025\/04\/IMG_20241029_161514-1600x1200-1.jpg\" alt=\"IMG_20241029_161514 [1600x1200]\" width=\"1600\" height=\"1200\" \/>\r\n\t\t\t\t\t\t\t\t\t\t<div class=\"slideshow_description_box slideshow_transparent\">\r\n\t\t\t\t\t\t\t\t\t\t\t\t\t\t\t\t\t<\/div>\r\n\t\t\t\t<\/div>\r\n\r\n\t\t\t\t\t\t<div style=\"clear: both;\"><\/div><\/div><div class=\"slideshow_view\">\r\n\t\t\t\t<div class=\"slideshow_slide slideshow_slide_image\">\r\n\t\t\t\t\t\t\t\t\t\t\t<img src=\"https:\/\/agora.xtec.cat\/ceipelsametllers\/wp-content\/uploads\/usu1019\/2025\/04\/IMG_8390-1600x1200-1.jpg\" alt=\"IMG_8390 [1600x1200]\" width=\"1200\" height=\"1600\" \/>\r\n\t\t\t\t\t\t\t\t\t\t<div class=\"slideshow_description_box slideshow_transparent\">\r\n\t\t\t\t\t\t\t\t\t\t\t\t\t\t\t\t\t<\/div>\r\n\t\t\t\t<\/div>\r\n\r\n\t\t\t\t\t\t<div style=\"clear: both;\"><\/div><\/div><div class=\"slideshow_view\">\r\n\t\t\t\t<div class=\"slideshow_slide slideshow_slide_image\">\r\n\t\t\t\t\t\t\t\t\t\t\t<img src=\"https:\/\/agora.xtec.cat\/ceipelsametllers\/wp-content\/uploads\/usu1019\/2025\/04\/IMG_8391-1600x1200-1.jpg\" alt=\"IMG_8391 [1600x1200]\" width=\"1600\" height=\"1200\" \/>\r\n\t\t\t\t\t\t\t\t\t\t<div class=\"slideshow_description_box slideshow_transparent\">\r\n\t\t\t\t\t\t\t\t\t\t\t\t\t\t\t\t\t<\/div>\r\n\t\t\t\t<\/div>\r\n\r\n\t\t\t\t\t\t<div style=\"clear: both;\"><\/div><\/div><div class=\"slideshow_view\">\r\n\t\t\t\t<div class=\"slideshow_slide slideshow_slide_image\">\r\n\t\t\t\t\t\t\t\t\t\t\t<img src=\"https:\/\/agora.xtec.cat\/ceipelsametllers\/wp-content\/uploads\/usu1019\/2025\/04\/IMG_8393-1600x1200-1.jpg\" alt=\"IMG_8393 [1600x1200]\" width=\"1600\" height=\"1200\" \/>\r\n\t\t\t\t\t\t\t\t\t\t<div class=\"slideshow_description_box slideshow_transparent\">\r\n\t\t\t\t\t\t\t\t\t\t\t\t\t\t\t\t\t<\/div>\r\n\t\t\t\t<\/div>\r\n\r\n\t\t\t\t\t\t<div style=\"clear: both;\"><\/div><\/div><div class=\"slideshow_view\">\r\n\t\t\t\t<div class=\"slideshow_slide slideshow_slide_image\">\r\n\t\t\t\t\t\t\t\t\t\t\t<img src=\"https:\/\/agora.xtec.cat\/ceipelsametllers\/wp-content\/uploads\/usu1019\/2025\/04\/WhatsApp-Image-2025-04-24-at-12.17.10-1600x1200-1.jpeg\" alt=\"WhatsApp Image 2025-04-24 at 12.17.10 [1600x1200]\" width=\"1594\" height=\"1200\" \/>\r\n\t\t\t\t\t\t\t\t\t\t<div class=\"slideshow_description_box slideshow_transparent\">\r\n\t\t\t\t\t\t\t\t\t\t\t\t\t\t\t\t\t<\/div>\r\n\t\t\t\t<\/div>\r\n\r\n\t\t\t\t\t\t<div style=\"clear: both;\"><\/div><\/div><div class=\"slideshow_view\">\r\n\t\t\t\t<div class=\"slideshow_slide slideshow_slide_image\">\r\n\t\t\t\t\t\t\t\t\t\t\t<img src=\"https:\/\/agora.xtec.cat\/ceipelsametllers\/wp-content\/uploads\/usu1019\/2025\/04\/WhatsApp-Image-2025-04-24-at-12.17.10-3-1600x1200-1.jpeg\" alt=\"WhatsApp Image 2025-04-24 at 12.17.10 (3) [1600x1200]\" width=\"1200\" height=\"1594\" \/>\r\n\t\t\t\t\t\t\t\t\t\t<div class=\"slideshow_description_box slideshow_transparent\">\r\n\t\t\t\t\t\t\t\t\t\t\t\t\t\t\t\t\t<\/div>\r\n\t\t\t\t<\/div>\r\n\r\n\t\t\t\t\t\t<div style=\"clear: both;\"><\/div><\/div>\r\n\t\t<\/div>\r\n\r\n\t\t<div class=\"slideshow_controlPanel slideshow_transparent\" style=\"display: none;\"><ul><li class=\"slideshow_togglePlay\" data-play-text=\"Visualitza\" data-pause-text=\"Pausa\"><\/li><\/ul><\/div>\r\n\r\n\t\t<div class=\"slideshow_button slideshow_previous slideshow_transparent\" role=\"button\" data-previous-text=\"Anterior\" style=\"display: none;\"><\/div>\r\n\t\t<div class=\"slideshow_button slideshow_next slideshow_transparent\" role=\"button\" data-next-text=\"Seg\u00fcent\" style=\"display: none;\"><\/div>\r\n\r\n\t\t<div class=\"slideshow_pagination\" style=\"display: none;\" data-go-to-text=\"V\u00e9s a la diapositiva\"><div class=\"slideshow_pagination_center\"><\/div><\/div>\r\n\r\n\t\t<!-- WordPress Slideshow Version 2.3.1 -->\r\n\r\n\t\t\t<\/div>\r\n\r\n\n<p style=\"text-align: center;\"><iframe loading=\"lazy\" id=\"vp14JQ6U\" title=\"Video Player\" src=\"https:\/\/s3.amazonaws.com\/embed.animoto.com\/play.html?w=swf\/production\/vp1&amp;e=1745592204&amp;f=4JQ6UAzmie6J1Ph5Ttqd1Q&amp;d=0&amp;m=p&amp;r=360p+720p&amp;volume=100&amp;start_res=720p&amp;i=m&amp;asset_domain=s3-p.animoto.com&amp;animoto_domain=animoto.com&amp;options=\" width=\"432\" height=\"243\" frameborder=\"0\" allowfullscreen=\"allowfullscreen\"><\/iframe><\/p>\n<p>&nbsp;<\/p>\n","protected":false},"excerpt":{"rendered":"<p>A Cicle Superior, durant el primer torn de Projectes Globalitzats, l&#8217;alumnat ha treballat els seg\u00fcents projectes:<\/p>\n<ul>\n<li>Projecte \u201dEls castells i castellers\u201d\u00a0<\/li>\n<\/ul>\n<p>El projecte \u201cEls Castells\u201d combina la cultura dels castells amb activitats pr\u00e0ctiques que inclouen matem\u00e0tiques, medi i llengua catalana. A trav\u00e9s de la manipulaci\u00f3 i el&hellip;  <a href=\"https:\/\/agora.xtec.cat\/ceipelsametllers\/general\/projectes-globalitzats-de-cicle-superior-1r-torn\/\" title=\"Read Projectes Globalitzats de Cicle Superior &#8211; 1r torn\">Llegeix m\u00e9s\u00bb<\/a><\/p>\n","protected":false},"author":1,"featured_media":4793,"comment_status":"open","ping_status":"closed","sticky":false,"template":"","format":"standard","meta":{"_bbp_topic_count":0,"_bbp_reply_count":0,"_bbp_total_topic_count":0,"_bbp_total_reply_count":0,"_bbp_voice_count":0,"_bbp_anonymous_reply_count":0,"_bbp_topic_count_hidden":0,"_bbp_reply_count_hidden":0,"_bbp_forum_subforum_count":0,"footnotes":""},"categories":[37,1,4,5],"tags":[],"class_list":["post-4794","post","type-post","status-publish","format-standard","has-post-thumbnail","hentry","category-escola","category-general","category-portada","category-primaria"],"post_mailing_queue_ids":[],"_links":{"self":[{"href":"https:\/\/agora.xtec.cat\/ceipelsametllers\/wp-json\/wp\/v2\/posts\/4794","targetHints":{"allow":["GET"]}}],"collection":[{"href":"https:\/\/agora.xtec.cat\/ceipelsametllers\/wp-json\/wp\/v2\/posts"}],"about":[{"href":"https:\/\/agora.xtec.cat\/ceipelsametllers\/wp-json\/wp\/v2\/types\/post"}],"author":[{"embeddable":true,"href":"https:\/\/agora.xtec.cat\/ceipelsametllers\/wp-json\/wp\/v2\/users\/1"}],"replies":[{"embeddable":true,"href":"https:\/\/agora.xtec.cat\/ceipelsametllers\/wp-json\/wp\/v2\/comments?post=4794"}],"version-history":[{"count":5,"href":"https:\/\/agora.xtec.cat\/ceipelsametllers\/wp-json\/wp\/v2\/posts\/4794\/revisions"}],"predecessor-version":[{"id":4799,"href":"https:\/\/agora.xtec.cat\/ceipelsametllers\/wp-json\/wp\/v2\/posts\/4794\/revisions\/4799"}],"wp:featuredmedia":[{"embeddable":true,"href":"https:\/\/agora.xtec.cat\/ceipelsametllers\/wp-json\/wp\/v2\/media\/4793"}],"wp:attachment":[{"href":"https:\/\/agora.xtec.cat\/ceipelsametllers\/wp-json\/wp\/v2\/media?parent=4794"}],"wp:term":[{"taxonomy":"category","embeddable":true,"href":"https:\/\/agora.xtec.cat\/ceipelsametllers\/wp-json\/wp\/v2\/categories?post=4794"},{"taxonomy":"post_tag","embeddable":true,"href":"https:\/\/agora.xtec.cat\/ceipelsametllers\/wp-json\/wp\/v2\/tags?post=4794"}],"curies":[{"name":"wp","href":"https:\/\/api.w.org\/{rel}","templated":true}]}}