{"id":478,"date":"2015-06-10T15:25:00","date_gmt":"2015-06-10T14:25:00","guid":{"rendered":"http:\/\/agora.xtec.cat\/ceipelsametllers\/general\/els-colors\/"},"modified":"2015-06-10T15:25:00","modified_gmt":"2015-06-10T14:25:00","slug":"els-colors","status":"publish","type":"post","link":"https:\/\/agora.xtec.cat\/ceipelsametllers\/infantil\/i4\/els-colors\/","title":{"rendered":"Els colors"},"content":{"rendered":"<div style=\"text-align: justify;\">Els nens i nenes de P4 hem treballat els colors primaris, secundaris i les tonalitats dels colors a partir del conte &#8220;Colors&#8221; de Herv\u00e9 Tullet. Per tal de poder vivenciar-ho m\u00e9s hem recreat la nostra propia versi\u00f3 del conte que podeu veure a continuaci\u00f3:<\/div>\n<div style=\"clear: both; text-align: center;\"><iframe loading=\"lazy\" allowfullscreen=\"\" data-thumbnail-src=\"https:\/\/i.ytimg.com\/vi\/cg1eibhPCNw\/0.jpg\" frameborder=\"0\" height=\"266\" src=\"https:\/\/www.youtube.com\/embed\/cg1eibhPCNw?feature=player_embedded\" width=\"320\"><\/iframe><\/div>\n<div style=\"text-align: justify;\"><\/div>\n","protected":false},"excerpt":{"rendered":"<p>Els nens i nenes de P4 hem treballat els colors primaris, secundaris i les tonalitats dels colors a partir del conte &#8220;Colors&#8221; de Herv\u00e9 Tullet. Per tal de poder vivenciar-ho m\u00e9s hem recreat la nostra propia versi\u00f3 del conte que podeu veure a continuaci\u00f3:<\/p>\n","protected":false},"author":1,"featured_media":0,"comment_status":"open","ping_status":"open","sticky":false,"template":"","format":"standard","meta":{"_bbp_topic_count":0,"_bbp_reply_count":0,"_bbp_total_topic_count":0,"_bbp_total_reply_count":0,"_bbp_voice_count":0,"_bbp_anonymous_reply_count":0,"_bbp_topic_count_hidden":0,"_bbp_reply_count_hidden":0,"_bbp_forum_subforum_count":0,"footnotes":""},"categories":[8],"tags":[],"class_list":["post-478","post","type-post","status-publish","format-standard","hentry","category-i4"],"post_mailing_queue_ids":[],"_links":{"self":[{"href":"https:\/\/agora.xtec.cat\/ceipelsametllers\/wp-json\/wp\/v2\/posts\/478","targetHints":{"allow":["GET"]}}],"collection":[{"href":"https:\/\/agora.xtec.cat\/ceipelsametllers\/wp-json\/wp\/v2\/posts"}],"about":[{"href":"https:\/\/agora.xtec.cat\/ceipelsametllers\/wp-json\/wp\/v2\/types\/post"}],"author":[{"embeddable":true,"href":"https:\/\/agora.xtec.cat\/ceipelsametllers\/wp-json\/wp\/v2\/users\/1"}],"replies":[{"embeddable":true,"href":"https:\/\/agora.xtec.cat\/ceipelsametllers\/wp-json\/wp\/v2\/comments?post=478"}],"version-history":[{"count":0,"href":"https:\/\/agora.xtec.cat\/ceipelsametllers\/wp-json\/wp\/v2\/posts\/478\/revisions"}],"wp:attachment":[{"href":"https:\/\/agora.xtec.cat\/ceipelsametllers\/wp-json\/wp\/v2\/media?parent=478"}],"wp:term":[{"taxonomy":"category","embeddable":true,"href":"https:\/\/agora.xtec.cat\/ceipelsametllers\/wp-json\/wp\/v2\/categories?post=478"},{"taxonomy":"post_tag","embeddable":true,"href":"https:\/\/agora.xtec.cat\/ceipelsametllers\/wp-json\/wp\/v2\/tags?post=478"}],"curies":[{"name":"wp","href":"https:\/\/api.w.org\/{rel}","templated":true}]}}