{"id":472,"date":"2015-10-27T16:48:00","date_gmt":"2015-10-27T15:48:00","guid":{"rendered":"http:\/\/agora.xtec.cat\/ceipelsametllers\/general\/472\/"},"modified":"2015-10-27T16:48:00","modified_gmt":"2015-10-27T15:48:00","slug":"472","status":"publish","type":"post","link":"https:\/\/agora.xtec.cat\/ceipelsametllers\/festes\/472\/","title":{"rendered":""},"content":{"rendered":"<p>LA DECORACI\u00d3 DE LA CASTANYADA<\/p>\n<p>El nens i nenes de l&#8217;escola hem fet la decoraci\u00f3 de l&#8217;entrada.<br \/>Els de P3, P4 i P5 han fet una fulla amb les mans. Els de 1r i 2n han fet cons de cartolina recoberts de fulles seques esmicolades. Els de 3r i 4t han fet uns arbres cubistes amb caixes de cartr\u00f3 i triturat de fulles seques. Els de 5\u00e8 i 6\u00e8 han fet una cortina amb elements naturals de la tardor.<\/p>\n<div style=\"clear: both; text-align: center;\"><a href=\"http:\/\/4.bp.blogspot.com\/-OY1m_lCSOlc\/Vjh1qDsUwWI\/AAAAAAAAAx4\/Wnb6qW0m170\/s1600\/deco1.JPG\" style=\"margin-left: 1em; margin-right: 1em;\"><img loading=\"lazy\" decoding=\"async\" border=\"0\" height=\"240\" src=\"http:\/\/4.bp.blogspot.com\/-OY1m_lCSOlc\/Vjh1qDsUwWI\/AAAAAAAAAx4\/Wnb6qW0m170\/s320\/deco1.JPG\" width=\"320\" \/><\/a><\/div>\n<p><\/p>\n<div style=\"clear: both; text-align: center;\"><a href=\"http:\/\/3.bp.blogspot.com\/-5zkW9GS8CLI\/Vjh1qCm8TBI\/AAAAAAAAAx8\/b3EDKGrH2Lg\/s1600\/deco2.JPG\" style=\"margin-left: 1em; margin-right: 1em;\"><img loading=\"lazy\" decoding=\"async\" border=\"0\" height=\"234\" src=\"http:\/\/3.bp.blogspot.com\/-5zkW9GS8CLI\/Vjh1qCm8TBI\/AAAAAAAAAx8\/b3EDKGrH2Lg\/s320\/deco2.JPG\" width=\"320\" \/><\/a><\/div>\n<p>ESPEREM QUE US AGRADI<\/p>\n<p>Alejandro, Victor i Astrid<\/p>\n","protected":false},"excerpt":{"rendered":"<p>LA DECORACI\u00d3 DE LA CASTANYADA<br \/>\nEl nens i nenes de l&#8217;escola hem fet la decoraci\u00f3 de l&#8217;entrada.Els de P3, P4 i P5 han fet una fulla amb les mans. Els de 1r i 2n han fet cons de cartolina recoberts de fulles seques esmicolades. Els de&hellip;  <a href=\"https:\/\/agora.xtec.cat\/ceipelsametllers\/festes\/472\/\" title=\"Read \">Llegeix m\u00e9s\u00bb<\/a><\/p>\n","protected":false},"author":1,"featured_media":0,"comment_status":"open","ping_status":"open","sticky":false,"template":"","format":"standard","meta":{"_bbp_topic_count":0,"_bbp_reply_count":0,"_bbp_total_topic_count":0,"_bbp_total_reply_count":0,"_bbp_voice_count":0,"_bbp_anonymous_reply_count":0,"_bbp_topic_count_hidden":0,"_bbp_reply_count_hidden":0,"_bbp_forum_subforum_count":0,"footnotes":""},"categories":[36],"tags":[],"class_list":["post-472","post","type-post","status-publish","format-standard","hentry","category-festes"],"post_mailing_queue_ids":[],"_links":{"self":[{"href":"https:\/\/agora.xtec.cat\/ceipelsametllers\/wp-json\/wp\/v2\/posts\/472","targetHints":{"allow":["GET"]}}],"collection":[{"href":"https:\/\/agora.xtec.cat\/ceipelsametllers\/wp-json\/wp\/v2\/posts"}],"about":[{"href":"https:\/\/agora.xtec.cat\/ceipelsametllers\/wp-json\/wp\/v2\/types\/post"}],"author":[{"embeddable":true,"href":"https:\/\/agora.xtec.cat\/ceipelsametllers\/wp-json\/wp\/v2\/users\/1"}],"replies":[{"embeddable":true,"href":"https:\/\/agora.xtec.cat\/ceipelsametllers\/wp-json\/wp\/v2\/comments?post=472"}],"version-history":[{"count":0,"href":"https:\/\/agora.xtec.cat\/ceipelsametllers\/wp-json\/wp\/v2\/posts\/472\/revisions"}],"wp:attachment":[{"href":"https:\/\/agora.xtec.cat\/ceipelsametllers\/wp-json\/wp\/v2\/media?parent=472"}],"wp:term":[{"taxonomy":"category","embeddable":true,"href":"https:\/\/agora.xtec.cat\/ceipelsametllers\/wp-json\/wp\/v2\/categories?post=472"},{"taxonomy":"post_tag","embeddable":true,"href":"https:\/\/agora.xtec.cat\/ceipelsametllers\/wp-json\/wp\/v2\/tags?post=472"}],"curies":[{"name":"wp","href":"https:\/\/api.w.org\/{rel}","templated":true}]}}