{"id":470,"date":"2015-11-04T13:17:00","date_gmt":"2015-11-04T12:17:00","guid":{"rendered":"http:\/\/agora.xtec.cat\/ceipelsametllers\/general\/festa-de-la-castanyada\/"},"modified":"2015-11-04T13:17:00","modified_gmt":"2015-11-04T12:17:00","slug":"festa-de-la-castanyada","status":"publish","type":"post","link":"https:\/\/agora.xtec.cat\/ceipelsametllers\/festes\/festa-de-la-castanyada\/","title":{"rendered":"FESTA DE LA CASTANYADA"},"content":{"rendered":"<p>El passat 29 d&#8217;octubre els alumnes d&#8217;Ed. Infantil amb l&#8217;ajuda dels alumnes de 6\u00e8 vam fer panellets. Despr\u00e9s els vam anar a coure al forn Virgili. Mireu que b\u00e9 que ens van quedar.<\/p>\n<div style=\"clear: both; text-align: center;\"><a href=\"http:\/\/1.bp.blogspot.com\/-L_8WUOazObo\/Vjn1-Vg6CoI\/AAAAAAAAJfA\/AIfhyXQ-X1A\/s1600\/SAM_1837.JPG\" style=\"margin-left: 1em; margin-right: 1em;\"><img decoding=\"async\" border=\"0\" src=\"http:\/\/1.bp.blogspot.com\/-L_8WUOazObo\/Vjn1-Vg6CoI\/AAAAAAAAJfA\/AIfhyXQ-X1A\/s320\/SAM_1837.JPG\" \/><\/a><\/div>\n<div style=\"clear: both; text-align: center;\"><a href=\"http:\/\/4.bp.blogspot.com\/-gqxd2yPPHZE\/Vjn1-eHFqmI\/AAAAAAAAJfI\/W16sEVrjzw0\/s1600\/SAM_1840.JPG\" style=\"margin-left: 1em; margin-right: 1em;\"><img decoding=\"async\" border=\"0\" src=\"http:\/\/4.bp.blogspot.com\/-gqxd2yPPHZE\/Vjn1-eHFqmI\/AAAAAAAAJfI\/W16sEVrjzw0\/s320\/SAM_1840.JPG\" \/><\/a><\/div>\n<div style=\"clear: both; text-align: center;\"><a href=\"http:\/\/1.bp.blogspot.com\/-fuypk7WenQ8\/Vjn1-ZYDVBI\/AAAAAAAAJfE\/EiXkOna4K24\/s1600\/SAM_1843.JPG\" style=\"margin-left: 1em; margin-right: 1em;\"><img decoding=\"async\" border=\"0\" src=\"http:\/\/1.bp.blogspot.com\/-fuypk7WenQ8\/Vjn1-ZYDVBI\/AAAAAAAAJfE\/EiXkOna4K24\/s320\/SAM_1843.JPG\" \/><\/a><\/div>\n<div style=\"clear: both; text-align: center;\"><a href=\"http:\/\/2.bp.blogspot.com\/-JRmyLyY0UNY\/Vjn1_Ht1icI\/AAAAAAAAJfM\/GKK8SafYXSc\/s1600\/SAM_1845.JPG\" style=\"margin-left: 1em; margin-right: 1em;\"><img decoding=\"async\" border=\"0\" src=\"http:\/\/2.bp.blogspot.com\/-JRmyLyY0UNY\/Vjn1_Ht1icI\/AAAAAAAAJfM\/GKK8SafYXSc\/s320\/SAM_1845.JPG\" \/><\/a><\/div>\n<div style=\"clear: both; text-align: center;\"><\/div>\n<div style=\"clear: both; text-align: center;\"><\/div>\n<div style=\"clear: both; text-align: center;\"><a href=\"http:\/\/4.bp.blogspot.com\/-rxUN2LM0b2g\/Vjn1_Wz--HI\/AAAAAAAAJfU\/742t27vwVVk\/s1600\/SAM_1848.JPG\" style=\"margin-left: 1em; margin-right: 1em;\"><img decoding=\"async\" border=\"0\" src=\"http:\/\/4.bp.blogspot.com\/-rxUN2LM0b2g\/Vjn1_Wz--HI\/AAAAAAAAJfU\/742t27vwVVk\/s320\/SAM_1848.JPG\" \/><\/a><\/div>\n<p>El divendres a la tarda vam celebrar la festa de la castanyada i cada classe va ballar unes danses. Per acabar vam menjar les castanyes que ens havien torrat els pares i les mares.  <\/p>\n<div style=\"clear: both; text-align: center;\"><a href=\"http:\/\/2.bp.blogspot.com\/-7NLdxgSQsJk\/Vjn3Acuq_QI\/AAAAAAAAJf0\/NriApehto38\/s1600\/SAM_0259.JPG\" style=\"margin-left: 1em; margin-right: 1em;\"><img decoding=\"async\" border=\"0\" src=\"http:\/\/2.bp.blogspot.com\/-7NLdxgSQsJk\/Vjn3Acuq_QI\/AAAAAAAAJf0\/NriApehto38\/s320\/SAM_0259.JPG\" \/><\/a><\/div>\n<div style=\"clear: both; text-align: center;\"><a href=\"http:\/\/2.bp.blogspot.com\/-dOuEImADYhw\/Vjn3AZdrk-I\/AAAAAAAAJfs\/bbRhNl1GGgY\/s1600\/SAM_0262.JPG\" style=\"margin-left: 1em; margin-right: 1em;\"><img decoding=\"async\" border=\"0\" src=\"http:\/\/2.bp.blogspot.com\/-dOuEImADYhw\/Vjn3AZdrk-I\/AAAAAAAAJfs\/bbRhNl1GGgY\/s320\/SAM_0262.JPG\" \/><\/a><\/div>\n<div style=\"clear: both; text-align: center;\"><a href=\"http:\/\/2.bp.blogspot.com\/-c57NKoOjDuQ\/Vjn3AWY8K7I\/AAAAAAAAJfw\/mpk97x_C-_w\/s1600\/SAM_0268.JPG\" style=\"margin-left: 1em; margin-right: 1em;\"><img decoding=\"async\" border=\"0\" src=\"http:\/\/2.bp.blogspot.com\/-c57NKoOjDuQ\/Vjn3AWY8K7I\/AAAAAAAAJfw\/mpk97x_C-_w\/s320\/SAM_0268.JPG\" \/><\/a><\/div>\n<div style=\"clear: both; text-align: center;\"><a href=\"http:\/\/1.bp.blogspot.com\/-JJZ4QB2Cado\/Vjn3Auxq71I\/AAAAAAAAJf4\/cg_YsO-LCHA\/s1600\/SAM_0273.JPG\" style=\"margin-left: 1em; margin-right: 1em;\"><img decoding=\"async\" border=\"0\" src=\"http:\/\/1.bp.blogspot.com\/-JJZ4QB2Cado\/Vjn3Auxq71I\/AAAAAAAAJf4\/cg_YsO-LCHA\/s320\/SAM_0273.JPG\" \/><\/a><\/div>\n<div style=\"clear: both; text-align: center;\"><a href=\"http:\/\/1.bp.blogspot.com\/-ZVSBIL17Q0U\/Vjn3A_rosTI\/AAAAAAAAJf8\/fu5NLII6yhE\/s1600\/SAM_0275.JPG\" style=\"margin-left: 1em; margin-right: 1em;\"><img decoding=\"async\" border=\"0\" src=\"http:\/\/1.bp.blogspot.com\/-ZVSBIL17Q0U\/Vjn3A_rosTI\/AAAAAAAAJf8\/fu5NLII6yhE\/s320\/SAM_0275.JPG\" \/><\/a><\/div>\n<div style=\"clear: both; text-align: center;\"><a href=\"http:\/\/2.bp.blogspot.com\/-X1L79lB0IFI\/Vjn3BMuflKI\/AAAAAAAAJgA\/wZLxRLNCQ2U\/s1600\/SAM_0276.JPG\" style=\"margin-left: 1em; margin-right: 1em;\"><img decoding=\"async\" border=\"0\" src=\"http:\/\/2.bp.blogspot.com\/-X1L79lB0IFI\/Vjn3BMuflKI\/AAAAAAAAJgA\/wZLxRLNCQ2U\/s320\/SAM_0276.JPG\" \/><\/a><\/div>\n<div style=\"clear: both; text-align: center;\"><a href=\"http:\/\/1.bp.blogspot.com\/-uayYrTFXYKA\/Vjn3BCBAywI\/AAAAAAAAJgE\/nBCQ46nVTAI\/s1600\/SAM_0278.JPG\" style=\"margin-left: 1em; margin-right: 1em;\"><img decoding=\"async\" border=\"0\" src=\"http:\/\/1.bp.blogspot.com\/-uayYrTFXYKA\/Vjn3BCBAywI\/AAAAAAAAJgE\/nBCQ46nVTAI\/s320\/SAM_0278.JPG\" \/><\/a><\/div>\n<div style=\"clear: both; text-align: center;\"><a href=\"http:\/\/3.bp.blogspot.com\/-2E2fzMJkbks\/Vjn3BaEJ6MI\/AAAAAAAAJgI\/gcSjeSARwGE\/s1600\/SAM_0281.JPG\" style=\"margin-left: 1em; margin-right: 1em;\"><img decoding=\"async\" border=\"0\" src=\"http:\/\/3.bp.blogspot.com\/-2E2fzMJkbks\/Vjn3BaEJ6MI\/AAAAAAAAJgI\/gcSjeSARwGE\/s320\/SAM_0281.JPG\" \/><\/a><\/div>\n","protected":false},"excerpt":{"rendered":"<p>El passat 29 d&#8217;octubre els alumnes d&#8217;Ed. Infantil amb l&#8217;ajuda dels alumnes de 6\u00e8 vam fer panellets. Despr\u00e9s els vam anar a coure al forn Virgili. Mireu que b\u00e9 que ens van quedar.<br \/>\n<a href=\"http:\/\/1.bp.blogspot.com\/-L_8WUOazObo\/Vjn1-Vg6CoI\/AAAAAAAAJfA\/AIfhyXQ-X1A\/s1600\/SAM_1837.JPG\" style=\"margin-left: 1em; margin-right: 1em;\"><\/a><br \/>\n<a href=\"http:\/\/4.bp.blogspot.com\/-gqxd2yPPHZE\/Vjn1-eHFqmI\/AAAAAAAAJfI\/W16sEVrjzw0\/s1600\/SAM_1840.JPG\" style=\"margin-left: 1em; margin-right: 1em;\"><\/a><br \/>\n<a href=\"http:\/\/1.bp.blogspot.com\/-fuypk7WenQ8\/Vjn1-ZYDVBI\/AAAAAAAAJfE\/EiXkOna4K24\/s1600\/SAM_1843.JPG\" style=\"margin-left:&hellip;  <a href=\"https:\/\/agora.xtec.cat\/ceipelsametllers\/festes\/festa-de-la-castanyada\/\" title=\"Read FESTA DE LA CASTANYADA\">Llegeix m\u00e9s\u00bb<\/a><\/p>\n","protected":false},"author":1,"featured_media":0,"comment_status":"open","ping_status":"open","sticky":false,"template":"","format":"standard","meta":{"_bbp_topic_count":0,"_bbp_reply_count":0,"_bbp_total_topic_count":0,"_bbp_total_reply_count":0,"_bbp_voice_count":0,"_bbp_anonymous_reply_count":0,"_bbp_topic_count_hidden":0,"_bbp_reply_count_hidden":0,"_bbp_forum_subforum_count":0,"footnotes":""},"categories":[36],"tags":[],"class_list":["post-470","post","type-post","status-publish","format-standard","hentry","category-festes"],"post_mailing_queue_ids":[],"_links":{"self":[{"href":"https:\/\/agora.xtec.cat\/ceipelsametllers\/wp-json\/wp\/v2\/posts\/470","targetHints":{"allow":["GET"]}}],"collection":[{"href":"https:\/\/agora.xtec.cat\/ceipelsametllers\/wp-json\/wp\/v2\/posts"}],"about":[{"href":"https:\/\/agora.xtec.cat\/ceipelsametllers\/wp-json\/wp\/v2\/types\/post"}],"author":[{"embeddable":true,"href":"https:\/\/agora.xtec.cat\/ceipelsametllers\/wp-json\/wp\/v2\/users\/1"}],"replies":[{"embeddable":true,"href":"https:\/\/agora.xtec.cat\/ceipelsametllers\/wp-json\/wp\/v2\/comments?post=470"}],"version-history":[{"count":0,"href":"https:\/\/agora.xtec.cat\/ceipelsametllers\/wp-json\/wp\/v2\/posts\/470\/revisions"}],"wp:attachment":[{"href":"https:\/\/agora.xtec.cat\/ceipelsametllers\/wp-json\/wp\/v2\/media?parent=470"}],"wp:term":[{"taxonomy":"category","embeddable":true,"href":"https:\/\/agora.xtec.cat\/ceipelsametllers\/wp-json\/wp\/v2\/categories?post=470"},{"taxonomy":"post_tag","embeddable":true,"href":"https:\/\/agora.xtec.cat\/ceipelsametllers\/wp-json\/wp\/v2\/tags?post=470"}],"curies":[{"name":"wp","href":"https:\/\/api.w.org\/{rel}","templated":true}]}}