{"id":465,"date":"2015-11-25T13:40:00","date_gmt":"2015-11-25T12:40:00","guid":{"rendered":"http:\/\/agora.xtec.cat\/ceipelsametllers\/general\/sortida-un-dia-de-granja-cicle-inicial\/"},"modified":"2015-11-25T13:40:00","modified_gmt":"2015-11-25T12:40:00","slug":"sortida-un-dia-de-granja-cicle-inicial","status":"publish","type":"post","link":"https:\/\/agora.xtec.cat\/ceipelsametllers\/primaria\/1r\/sortida-un-dia-de-granja-cicle-inicial\/","title":{"rendered":"Sortida Un dia de granja- Cicle Inicial"},"content":{"rendered":"<p><span style=\"background-color: #f7f7f7; font-family: Verdana, Arial, Helvetica, sans-serif; font-size: 12px;\">El passat 29 d&#8217;octubre vam anar a Reus a Un dia de granja. Aprofitant que era a prop la data de celebrar la Castanyada vam fer activitats de tardor.<\/span><br style=\"background-color: #f7f7f7; font-family: Verdana, Arial, Helvetica, sans-serif; font-size: 12px;\" \/><span style=\"background-color: #f7f7f7; font-family: Verdana, Arial, Helvetica, sans-serif; font-size: 12px;\">Quan vam arribar ens va rebre la Castanyera i ens va explicar un conte i vam ballar amb ella. Despr\u00e9s vam anar amb la somera Margarita a buscar castanyes!<\/span><br style=\"background-color: #f7f7f7; font-family: Verdana, Arial, Helvetica, sans-serif; font-size: 12px;\" \/><span style=\"background-color: #f7f7f7; font-family: Verdana, Arial, Helvetica, sans-serif; font-size: 12px;\">Tamb\u00e9 vam veure molts animals que&nbsp;<\/span><span style=\"background-color: #f7f7f7; font-family: Verdana, Arial, Helvetica, sans-serif; font-size: 12px;\">hi havia<\/span><span style=\"background-color: #f7f7f7; font-family: Verdana, Arial, Helvetica, sans-serif; font-size: 12px;\">&nbsp;a la granja; uns&nbsp;<\/span><span style=\"background-color: #f7f7f7; font-family: Verdana, Arial, Helvetica, sans-serif; font-size: 12px;\">aut\u00f2ctons<\/span><span style=\"background-color: #f7f7f7; font-family: Verdana, Arial, Helvetica, sans-serif; font-size: 12px;\">&nbsp;i altres m\u00e9s ex\u00f2tics.<\/span><br style=\"background-color: #f7f7f7; font-family: Verdana, Arial, Helvetica, sans-serif; font-size: 12px;\" \/><span style=\"background-color: #f7f7f7; font-family: Verdana, Arial, Helvetica, sans-serif; font-size: 12px;\">Hi havia<\/span><span style=\"background-color: #f7f7f7; font-family: Verdana, Arial, Helvetica, sans-serif; font-size: 12px;\">&nbsp;cabretes, un cavall, conills, pollets, ovelles, senglars&#8230;<\/span><br style=\"background-color: #f7f7f7; font-family: Verdana, Arial, Helvetica, sans-serif; font-size: 12px;\" \/><span style=\"background-color: #f7f7f7; font-family: Verdana, Arial, Helvetica, sans-serif; font-size: 12px;\">M\u00e9s tard, ens vam menjar les castanyes que vam trobar al mat\u00ed i&nbsp;<\/span><span style=\"background-color: #f7f7f7; font-family: Verdana, Arial, Helvetica, sans-serif; font-size: 12px;\">les hi<\/span><span style=\"background-color: #f7f7f7; font-family: Verdana, Arial, Helvetica, sans-serif; font-size: 12px;\">&nbsp;vam menjar acabades de fer.&nbsp;<\/span><span style=\"background-color: #f7f7f7; background-image: url(https:\/\/www.softcatala.org\/languagetool\/images\/squiggle_red.png); background-position: 0% 100%; background-repeat: repeat-x; cursor: default; font-family: Verdana, Arial, Helvetica, sans-serif; font-size: 12px; padding-bottom: 2px; vertical-align: text-top;\">Mmmmm<\/span><span style=\"background-color: #f7f7f7; font-family: Verdana, Arial, Helvetica, sans-serif; font-size: 12px;\">&#8230;&nbsp;<\/span><span style=\"background-color: #f7f7f7; font-family: Verdana, Arial, Helvetica, sans-serif; font-size: 12px;\">qu\u00e8<\/span><span style=\"background-color: #f7f7f7; font-family: Verdana, Arial, Helvetica, sans-serif; font-size: 12px;\">&nbsp;bones eren!<\/span><br style=\"background-color: #f7f7f7; font-family: Verdana, Arial, Helvetica, sans-serif; font-size: 12px;\" \/><span style=\"background-color: #f7f7f7; font-family: Verdana, Arial, Helvetica, sans-serif; font-size: 12px;\">A la tarda vam fer una&nbsp;<\/span><span style=\"background-color: #f7f7f7; background-image: url(https:\/\/www.softcatala.org\/languagetool\/images\/squiggle_green.png); background-position: 0% 100%; background-repeat: repeat-x; cursor: default; font-family: Verdana, Arial, Helvetica, sans-serif; font-size: 12px; padding-bottom: 2px; vertical-align: text-top;\">manualitat<\/span><span style=\"background-color: #f7f7f7; font-family: Verdana, Arial, Helvetica, sans-serif; font-size: 12px;\">&nbsp;amb castanyes i la Margarita ens va portar en el seu carro.<\/span><br style=\"background-color: #f7f7f7; font-family: Verdana, Arial, Helvetica, sans-serif; font-size: 12px;\" \/><span style=\"background-color: #f7f7f7; font-family: Verdana, Arial, Helvetica, sans-serif; font-size: 12px;\">Va ser un dia molt calor\u00f3s i ens ho vam passar d&#8217;all\u00f2 m\u00e9s b\u00e9 a la granja!<\/span><\/p>\n<div style=\"clear: both; text-align: center;\"><a href=\"http:\/\/1.bp.blogspot.com\/-VUXVerEhbVU\/VlWsFWT1_cI\/AAAAAAAAJqA\/poG9M17ries\/s1600\/IMG_1532%2B%255B800x600%255D.jpg\" style=\"margin-left: 1em; margin-right: 1em;\"><img loading=\"lazy\" decoding=\"async\" border=\"0\" height=\"315\" src=\"http:\/\/1.bp.blogspot.com\/-VUXVerEhbVU\/VlWsFWT1_cI\/AAAAAAAAJqA\/poG9M17ries\/s320\/IMG_1532%2B%255B800x600%255D.jpg\" width=\"320\" \/><\/a><\/div>\n","protected":false},"excerpt":{"rendered":"<p>El passat 29 d&#8217;octubre vam anar a Reus a Un dia de granja. Aprofitant que era a prop la data de celebrar la Castanyada vam fer activitats de tardor.Quan vam arribar ens va rebre la Castanyera i ens va explicar un conte i vam ballar&hellip;  <a href=\"https:\/\/agora.xtec.cat\/ceipelsametllers\/primaria\/1r\/sortida-un-dia-de-granja-cicle-inicial\/\" title=\"Read Sortida Un dia de granja- Cicle Inicial\">Llegeix m\u00e9s\u00bb<\/a><\/p>\n","protected":false},"author":1,"featured_media":0,"comment_status":"open","ping_status":"open","sticky":false,"template":"","format":"standard","meta":{"_bbp_topic_count":0,"_bbp_reply_count":0,"_bbp_total_topic_count":0,"_bbp_total_reply_count":0,"_bbp_voice_count":0,"_bbp_anonymous_reply_count":0,"_bbp_topic_count_hidden":0,"_bbp_reply_count_hidden":0,"_bbp_forum_subforum_count":0,"footnotes":""},"categories":[10,11],"tags":[],"class_list":["post-465","post","type-post","status-publish","format-standard","hentry","category-1r","category-2n"],"post_mailing_queue_ids":[],"_links":{"self":[{"href":"https:\/\/agora.xtec.cat\/ceipelsametllers\/wp-json\/wp\/v2\/posts\/465","targetHints":{"allow":["GET"]}}],"collection":[{"href":"https:\/\/agora.xtec.cat\/ceipelsametllers\/wp-json\/wp\/v2\/posts"}],"about":[{"href":"https:\/\/agora.xtec.cat\/ceipelsametllers\/wp-json\/wp\/v2\/types\/post"}],"author":[{"embeddable":true,"href":"https:\/\/agora.xtec.cat\/ceipelsametllers\/wp-json\/wp\/v2\/users\/1"}],"replies":[{"embeddable":true,"href":"https:\/\/agora.xtec.cat\/ceipelsametllers\/wp-json\/wp\/v2\/comments?post=465"}],"version-history":[{"count":0,"href":"https:\/\/agora.xtec.cat\/ceipelsametllers\/wp-json\/wp\/v2\/posts\/465\/revisions"}],"wp:attachment":[{"href":"https:\/\/agora.xtec.cat\/ceipelsametllers\/wp-json\/wp\/v2\/media?parent=465"}],"wp:term":[{"taxonomy":"category","embeddable":true,"href":"https:\/\/agora.xtec.cat\/ceipelsametllers\/wp-json\/wp\/v2\/categories?post=465"},{"taxonomy":"post_tag","embeddable":true,"href":"https:\/\/agora.xtec.cat\/ceipelsametllers\/wp-json\/wp\/v2\/tags?post=465"}],"curies":[{"name":"wp","href":"https:\/\/api.w.org\/{rel}","templated":true}]}}