{"id":464,"date":"2015-11-25T13:48:00","date_gmt":"2015-11-25T12:48:00","guid":{"rendered":"http:\/\/agora.xtec.cat\/ceipelsametllers\/general\/activitats-de-tardor-segon\/"},"modified":"2015-11-25T13:48:00","modified_gmt":"2015-11-25T12:48:00","slug":"activitats-de-tardor-segon","status":"publish","type":"post","link":"https:\/\/agora.xtec.cat\/ceipelsametllers\/primaria\/1r\/activitats-de-tardor-segon\/","title":{"rendered":"Activitats de tardor (Segon)"},"content":{"rendered":"<p>Quan va comen\u00e7ar la tardor els nostres alumnes van portar elements propis de la tardor aix\u00ed com fulles seques. Aqu\u00ed teniu una mostra del que vam fer amb aquest material que vam utilitzar per guarnir la nostra escola. Moltes gr\u00e0cies per aportar tants elements de la natura! <\/p>\n<div style=\"clear: both; text-align: center;\"><a href=\"http:\/\/2.bp.blogspot.com\/-g2GuLWx0aqA\/VlWudTlEDEI\/AAAAAAAAJqc\/Gn5g1eNc_dc\/s1600\/IMG_1531%2B%255B800x600%255D.jpg\" style=\"margin-left: 1em; margin-right: 1em;\"><img decoding=\"async\" border=\"0\" src=\"http:\/\/2.bp.blogspot.com\/-g2GuLWx0aqA\/VlWudTlEDEI\/AAAAAAAAJqc\/Gn5g1eNc_dc\/s320\/IMG_1531%2B%255B800x600%255D.jpg\" \/><\/a><\/div>\n<p>    El dia de la castanyada, els alumnes de segon van fer a classe unes galetes de tardor. Tenien una base i van posar-hi xocolata desfeta i van decorar amb fruits secs : nous, ametlles, avellanes, panses, pinyons&#8230; Ho vam posar a la nevera i&#8230; mireu com ho van embolicar!  <\/p>\n<div style=\"clear: both; text-align: center;\"><a href=\"http:\/\/3.bp.blogspot.com\/-HuCEEoic-ow\/VlWuiKW9JvI\/AAAAAAAAJqk\/PZXgB9JIiow\/s1600\/IMG_1533%2B%255B800x600%255D.jpg\" style=\"margin-left: 1em; margin-right: 1em;\"><img decoding=\"async\" border=\"0\" src=\"http:\/\/3.bp.blogspot.com\/-HuCEEoic-ow\/VlWuiKW9JvI\/AAAAAAAAJqk\/PZXgB9JIiow\/s320\/IMG_1533%2B%255B800x600%255D.jpg\" \/><\/a><\/div>\n","protected":false},"excerpt":{"rendered":"<p>Quan va comen\u00e7ar la tardor els nostres alumnes van portar elements propis de la tardor aix\u00ed com fulles seques. Aqu\u00ed teniu una mostra del que vam fer amb aquest material que vam utilitzar per guarnir la nostra escola. Moltes gr\u00e0cies per aportar tants elements de&hellip;  <a href=\"https:\/\/agora.xtec.cat\/ceipelsametllers\/primaria\/1r\/activitats-de-tardor-segon\/\" title=\"Read Activitats de tardor (Segon)\">Llegeix m\u00e9s\u00bb<\/a><\/p>\n","protected":false},"author":1,"featured_media":0,"comment_status":"open","ping_status":"open","sticky":false,"template":"","format":"standard","meta":{"_bbp_topic_count":0,"_bbp_reply_count":0,"_bbp_total_topic_count":0,"_bbp_total_reply_count":0,"_bbp_voice_count":0,"_bbp_anonymous_reply_count":0,"_bbp_topic_count_hidden":0,"_bbp_reply_count_hidden":0,"_bbp_forum_subforum_count":0,"footnotes":""},"categories":[10,11],"tags":[],"class_list":["post-464","post","type-post","status-publish","format-standard","hentry","category-1r","category-2n"],"post_mailing_queue_ids":[],"_links":{"self":[{"href":"https:\/\/agora.xtec.cat\/ceipelsametllers\/wp-json\/wp\/v2\/posts\/464","targetHints":{"allow":["GET"]}}],"collection":[{"href":"https:\/\/agora.xtec.cat\/ceipelsametllers\/wp-json\/wp\/v2\/posts"}],"about":[{"href":"https:\/\/agora.xtec.cat\/ceipelsametllers\/wp-json\/wp\/v2\/types\/post"}],"author":[{"embeddable":true,"href":"https:\/\/agora.xtec.cat\/ceipelsametllers\/wp-json\/wp\/v2\/users\/1"}],"replies":[{"embeddable":true,"href":"https:\/\/agora.xtec.cat\/ceipelsametllers\/wp-json\/wp\/v2\/comments?post=464"}],"version-history":[{"count":0,"href":"https:\/\/agora.xtec.cat\/ceipelsametllers\/wp-json\/wp\/v2\/posts\/464\/revisions"}],"wp:attachment":[{"href":"https:\/\/agora.xtec.cat\/ceipelsametllers\/wp-json\/wp\/v2\/media?parent=464"}],"wp:term":[{"taxonomy":"category","embeddable":true,"href":"https:\/\/agora.xtec.cat\/ceipelsametllers\/wp-json\/wp\/v2\/categories?post=464"},{"taxonomy":"post_tag","embeddable":true,"href":"https:\/\/agora.xtec.cat\/ceipelsametllers\/wp-json\/wp\/v2\/tags?post=464"}],"curies":[{"name":"wp","href":"https:\/\/api.w.org\/{rel}","templated":true}]}}