{"id":461,"date":"2015-12-01T10:00:00","date_gmt":"2015-12-01T09:00:00","guid":{"rendered":"http:\/\/agora.xtec.cat\/ceipelsametllers\/general\/saproxima-el-nadal\/"},"modified":"2015-12-01T10:00:00","modified_gmt":"2015-12-01T09:00:00","slug":"saproxima-el-nadal","status":"publish","type":"post","link":"https:\/\/agora.xtec.cat\/ceipelsametllers\/general\/saproxima-el-nadal\/","title":{"rendered":"s&#8217;aproxima el nadal"},"content":{"rendered":"<p><span style=\"font-size: x-large;\"><span style=\"font-size: small;\">Ja&nbsp; s&#8217;acosta&nbsp; el Nadal ,ja s&#8217;han de treure les coses del armari: el arbre, les&nbsp; boles, i el pessebre. El Ti\u00f3&nbsp;&nbsp;&nbsp;&nbsp;&nbsp; vindr\u00e0&nbsp; de la muntanya. I si et portes malament cagara carb\u00f3.A part\u00ed del desembre el tindrem&nbsp; la escola&nbsp;<\/span><\/span><br \/><span style=\"font-size: x-large;\"><span style=\"font-size: small;\">A partir del&nbsp; 1 de desembre el tindrem a l&#8217;escola i li podreu portar menjar .I&nbsp; al pare Noel li deixeu les galetes vaix l&#8217;arbre.<\/span><\/span><\/p>\n","protected":false},"excerpt":{"rendered":"<p>Ja&nbsp; s&#8217;acosta&nbsp; el Nadal ,ja s&#8217;han de treure les coses del armari: el arbre, les&nbsp; boles, i el pessebre. El Ti\u00f3&nbsp;&nbsp;&nbsp;&nbsp;&nbsp; vindr\u00e0&nbsp; de la muntanya. I si et portes malament cagara carb\u00f3.A part\u00ed del desembre el tindrem&nbsp; la escola&nbsp;A partir del&nbsp; 1 de desembre el&hellip;  <a href=\"https:\/\/agora.xtec.cat\/ceipelsametllers\/general\/saproxima-el-nadal\/\" title=\"Read s&#8217;aproxima el nadal\">Llegeix m\u00e9s\u00bb<\/a><\/p>\n","protected":false},"author":1,"featured_media":0,"comment_status":"open","ping_status":"open","sticky":false,"template":"","format":"standard","meta":{"_bbp_topic_count":0,"_bbp_reply_count":0,"_bbp_total_topic_count":0,"_bbp_total_reply_count":0,"_bbp_voice_count":0,"_bbp_anonymous_reply_count":0,"_bbp_topic_count_hidden":0,"_bbp_reply_count_hidden":0,"_bbp_forum_subforum_count":0,"footnotes":""},"categories":[1],"tags":[],"class_list":["post-461","post","type-post","status-publish","format-standard","hentry","category-general"],"post_mailing_queue_ids":[],"_links":{"self":[{"href":"https:\/\/agora.xtec.cat\/ceipelsametllers\/wp-json\/wp\/v2\/posts\/461","targetHints":{"allow":["GET"]}}],"collection":[{"href":"https:\/\/agora.xtec.cat\/ceipelsametllers\/wp-json\/wp\/v2\/posts"}],"about":[{"href":"https:\/\/agora.xtec.cat\/ceipelsametllers\/wp-json\/wp\/v2\/types\/post"}],"author":[{"embeddable":true,"href":"https:\/\/agora.xtec.cat\/ceipelsametllers\/wp-json\/wp\/v2\/users\/1"}],"replies":[{"embeddable":true,"href":"https:\/\/agora.xtec.cat\/ceipelsametllers\/wp-json\/wp\/v2\/comments?post=461"}],"version-history":[{"count":0,"href":"https:\/\/agora.xtec.cat\/ceipelsametllers\/wp-json\/wp\/v2\/posts\/461\/revisions"}],"wp:attachment":[{"href":"https:\/\/agora.xtec.cat\/ceipelsametllers\/wp-json\/wp\/v2\/media?parent=461"}],"wp:term":[{"taxonomy":"category","embeddable":true,"href":"https:\/\/agora.xtec.cat\/ceipelsametllers\/wp-json\/wp\/v2\/categories?post=461"},{"taxonomy":"post_tag","embeddable":true,"href":"https:\/\/agora.xtec.cat\/ceipelsametllers\/wp-json\/wp\/v2\/tags?post=461"}],"curies":[{"name":"wp","href":"https:\/\/api.w.org\/{rel}","templated":true}]}}