{"id":453,"date":"2016-01-26T09:43:00","date_gmt":"2016-01-26T08:43:00","guid":{"rendered":""},"modified":"2016-03-02T13:36:32","modified_gmt":"2016-03-02T12:36:32","slug":"453","status":"publish","type":"post","link":"https:\/\/agora.xtec.cat\/ceipelsametllers\/portada\/453\/","title":{"rendered":"LA NOVA PROFESSORA  DE RELIGI\u00d3"},"content":{"rendered":"<div style=\"text-align: center;\"><span style=\"background-color: white;\"><span style=\"background-color: #999999;\"><span style=\"color: #444444;\">\u00a0<\/span><\/span><\/span><\/div>\n<div style=\"text-align: center;\">\n<div style=\"text-align: left;\"><span style=\"color: #444444;\"><span style=\"color: red;\"><span style=\"background-color: #999999; color: #444444;\">La nova mestra de religi\u00f3 es diu Eliane. Fa dues setmanes que ha arribat a l&#8217;escola i l&#8217;hem rebut amb molta\u00a0<\/span><\/span><\/span><span style=\"background-color: #999999; color: #444444;\">alegria. A vingut a l&#8217;escola perqu\u00e8 l&#8217;Ignasi de religi\u00f3 va marxar cap a Val\u00e8ncia. Hem comen\u00e7at el segon\u00a0<\/span><span style=\"background-color: #999999; color: #444444;\">trimestre amb l&#8217;Eliane i tots tenim moltes ganes d&#8217;anar amb ella a treballar.\u00a0<\/span><span style=\"background-color: #999999; color: #444444;\">L&#8217;Eliane \u00e9s una mestra molt interessant, bona i amb la seva alegria i les ganes de treballar als nens i nenes de\u00a0<\/span><span style=\"background-color: #999999; color: #444444;\">tota l&#8217;escola ens transmet ganes d&#8217;aprendre.<\/span><\/div>\n<\/div>\n<div style=\"text-align: center;\"><\/div>\n<div style=\"clear: both; text-align: center;\"><a style=\"margin-left: 1em; margin-right: 1em;\" href=\"http:\/\/agora.xtec.cat\/ceipelsametllers\/wp-content\/uploads\/usu1019\/2016\/01\/SAM_2464-2B-255B1600x1200-255D.jpg\"><img loading=\"lazy\" decoding=\"async\" src=\"http:\/\/agora.xtec.cat\/ceipelsametllers\/wp-content\/uploads\/usu1019\/2016\/01\/SAM_2464-2B-255B1600x1200-255D-225x300.jpg\" alt=\"\" width=\"240\" height=\"320\" border=\"0\" \/><\/a><\/div>\n","protected":false},"excerpt":{"rendered":"<p>\u00a0<\/p>\n<p>La nova mestra de religi\u00f3 es diu Eliane. Fa dues setmanes que ha arribat a l&#8217;escola i l&#8217;hem rebut amb molta\u00a0alegria. A vingut a l&#8217;escola perqu\u00e8 l&#8217;Ignasi de religi\u00f3 va marxar cap a Val\u00e8ncia. Hem comen\u00e7at el segon\u00a0trimestre amb l&#8217;Eliane i tots tenim moltes ganes&hellip;  <a href=\"https:\/\/agora.xtec.cat\/ceipelsametllers\/portada\/453\/\" title=\"Read LA NOVA PROFESSORA  DE RELIGI\u00d3\">Llegeix m\u00e9s\u00bb<\/a><\/p>\n","protected":false},"author":1,"featured_media":682,"comment_status":"open","ping_status":"open","sticky":false,"template":"","format":"standard","meta":{"_bbp_topic_count":0,"_bbp_reply_count":0,"_bbp_total_topic_count":0,"_bbp_total_reply_count":0,"_bbp_voice_count":0,"_bbp_anonymous_reply_count":0,"_bbp_topic_count_hidden":0,"_bbp_reply_count_hidden":0,"_bbp_forum_subforum_count":0,"footnotes":""},"categories":[4],"tags":[],"class_list":["post-453","post","type-post","status-publish","format-standard","has-post-thumbnail","hentry","category-portada"],"post_mailing_queue_ids":[],"_links":{"self":[{"href":"https:\/\/agora.xtec.cat\/ceipelsametllers\/wp-json\/wp\/v2\/posts\/453","targetHints":{"allow":["GET"]}}],"collection":[{"href":"https:\/\/agora.xtec.cat\/ceipelsametllers\/wp-json\/wp\/v2\/posts"}],"about":[{"href":"https:\/\/agora.xtec.cat\/ceipelsametllers\/wp-json\/wp\/v2\/types\/post"}],"author":[{"embeddable":true,"href":"https:\/\/agora.xtec.cat\/ceipelsametllers\/wp-json\/wp\/v2\/users\/1"}],"replies":[{"embeddable":true,"href":"https:\/\/agora.xtec.cat\/ceipelsametllers\/wp-json\/wp\/v2\/comments?post=453"}],"version-history":[{"count":3,"href":"https:\/\/agora.xtec.cat\/ceipelsametllers\/wp-json\/wp\/v2\/posts\/453\/revisions"}],"predecessor-version":[{"id":767,"href":"https:\/\/agora.xtec.cat\/ceipelsametllers\/wp-json\/wp\/v2\/posts\/453\/revisions\/767"}],"wp:featuredmedia":[{"embeddable":true,"href":"https:\/\/agora.xtec.cat\/ceipelsametllers\/wp-json\/wp\/v2\/media\/682"}],"wp:attachment":[{"href":"https:\/\/agora.xtec.cat\/ceipelsametllers\/wp-json\/wp\/v2\/media?parent=453"}],"wp:term":[{"taxonomy":"category","embeddable":true,"href":"https:\/\/agora.xtec.cat\/ceipelsametllers\/wp-json\/wp\/v2\/categories?post=453"},{"taxonomy":"post_tag","embeddable":true,"href":"https:\/\/agora.xtec.cat\/ceipelsametllers\/wp-json\/wp\/v2\/tags?post=453"}],"curies":[{"name":"wp","href":"https:\/\/api.w.org\/{rel}","templated":true}]}}