{"id":446,"date":"2016-02-23T09:37:00","date_gmt":"2016-02-23T08:37:00","guid":{"rendered":""},"modified":"2016-02-29T12:14:46","modified_gmt":"2016-02-29T11:14:46","slug":"el-carnaval","status":"publish","type":"post","link":"https:\/\/agora.xtec.cat\/ceipelsametllers\/general\/el-carnaval\/","title":{"rendered":"EL CARNAVAL"},"content":{"rendered":"<p><\/p>\n<h2>El carnaval \u00e9s una celebraci\u00f3 que es celebra en molts pa\u00efsos. Fa uns quants dies ho vam celebrar nosaltres. Els carnavals a l&#8217;escola s\u00f3n molt divertits, perqu\u00e8 tots anem disfressats amb el nom de la nostra classe. Tamb\u00e9 perqu\u00e8 ve el rei carnestoltes i ens diu unes ordres perqu\u00e8 portem algun complement el dia seg\u00fcent. Si no ho portem, ens pinten el nas de color vermell.<\/h2>\n<h2><\/h2>\n<ul>\n<li>\n<h4>Arnau , Arturo , Lorena , Ainara<\/h4>\n<\/li>\n<\/ul>\n<h4><\/h4>\n","protected":false},"excerpt":{"rendered":"<p>El carnaval \u00e9s una celebraci\u00f3 que es celebra en molts pa\u00efsos. Fa uns quants dies ho vam celebrar nosaltres. Els carnavals a l&#8217;escola s\u00f3n molt divertits, perqu\u00e8 tots anem disfressats amb el nom de la nostra classe. Tamb\u00e9 perqu\u00e8 ve el rei carnestoltes i ens&hellip;  <a href=\"https:\/\/agora.xtec.cat\/ceipelsametllers\/general\/el-carnaval\/\" title=\"Read EL CARNAVAL\">Llegeix m\u00e9s\u00bb<\/a><\/p>\n","protected":false},"author":1,"featured_media":0,"comment_status":"open","ping_status":"open","sticky":false,"template":"","format":"standard","meta":{"_bbp_topic_count":0,"_bbp_reply_count":0,"_bbp_total_topic_count":0,"_bbp_total_reply_count":0,"_bbp_voice_count":0,"_bbp_anonymous_reply_count":0,"_bbp_topic_count_hidden":0,"_bbp_reply_count_hidden":0,"_bbp_forum_subforum_count":0,"footnotes":""},"categories":[1,4],"tags":[],"class_list":["post-446","post","type-post","status-publish","format-standard","hentry","category-general","category-portada"],"post_mailing_queue_ids":[],"_links":{"self":[{"href":"https:\/\/agora.xtec.cat\/ceipelsametllers\/wp-json\/wp\/v2\/posts\/446","targetHints":{"allow":["GET"]}}],"collection":[{"href":"https:\/\/agora.xtec.cat\/ceipelsametllers\/wp-json\/wp\/v2\/posts"}],"about":[{"href":"https:\/\/agora.xtec.cat\/ceipelsametllers\/wp-json\/wp\/v2\/types\/post"}],"author":[{"embeddable":true,"href":"https:\/\/agora.xtec.cat\/ceipelsametllers\/wp-json\/wp\/v2\/users\/1"}],"replies":[{"embeddable":true,"href":"https:\/\/agora.xtec.cat\/ceipelsametllers\/wp-json\/wp\/v2\/comments?post=446"}],"version-history":[{"count":1,"href":"https:\/\/agora.xtec.cat\/ceipelsametllers\/wp-json\/wp\/v2\/posts\/446\/revisions"}],"predecessor-version":[{"id":660,"href":"https:\/\/agora.xtec.cat\/ceipelsametllers\/wp-json\/wp\/v2\/posts\/446\/revisions\/660"}],"wp:attachment":[{"href":"https:\/\/agora.xtec.cat\/ceipelsametllers\/wp-json\/wp\/v2\/media?parent=446"}],"wp:term":[{"taxonomy":"category","embeddable":true,"href":"https:\/\/agora.xtec.cat\/ceipelsametllers\/wp-json\/wp\/v2\/categories?post=446"},{"taxonomy":"post_tag","embeddable":true,"href":"https:\/\/agora.xtec.cat\/ceipelsametllers\/wp-json\/wp\/v2\/tags?post=446"}],"curies":[{"name":"wp","href":"https:\/\/api.w.org\/{rel}","templated":true}]}}