{"id":4383,"date":"2024-10-25T16:24:12","date_gmt":"2024-10-25T14:24:12","guid":{"rendered":"https:\/\/agora.xtec.cat\/ceipelsametllers\/?p=4383"},"modified":"2024-12-09T12:40:07","modified_gmt":"2024-12-09T11:40:07","slug":"campanya-de-donacio-de-sang","status":"publish","type":"post","link":"https:\/\/agora.xtec.cat\/ceipelsametllers\/general\/campanya-de-donacio-de-sang\/","title":{"rendered":"Campanya de donaci\u00f3 de sang"},"content":{"rendered":"<p>L&#8217;alumnat de 3r i 4t de prim\u00e0ria dintre dels Projectes Globalitzats han preparat un v\u00eddeo per tal de promocionar la campanya de donaci\u00f3 de sang.<\/p>\n<p>Us animem a participar a la campanya que tindr\u00e0 lloc el dia 6 de febrer de 2025 a la nostra escola.<\/p>\n<p>Moltes gr\u00e0cies!<\/p>\n<p><iframe loading=\"lazy\" title=\"YouTube video player\" src=\"\/\/www.youtube.com\/embed\/U4gAWMmTyc4?si=pB77hPA37cQnY0bz\" width=\"560\" height=\"315\" frameborder=\"0\" allowfullscreen=\"allowfullscreen\"><\/iframe><\/p>\n","protected":false},"excerpt":{"rendered":"<p>L&#8217;alumnat de 3r i 4t de prim\u00e0ria dintre dels Projectes Globalitzats han preparat un v\u00eddeo per tal de promocionar la campanya de donaci\u00f3 de sang.<br \/>\nUs animem a participar a la campanya que tindr\u00e0 lloc el dia 6 de febrer de 2025 a la nostra escola.<br \/>\nMoltes&hellip;  <a href=\"https:\/\/agora.xtec.cat\/ceipelsametllers\/general\/campanya-de-donacio-de-sang\/\" title=\"Read Campanya de donaci\u00f3 de sang\">Llegeix m\u00e9s\u00bb<\/a><\/p>\n","protected":false},"author":1,"featured_media":4387,"comment_status":"open","ping_status":"closed","sticky":false,"template":"","format":"standard","meta":{"_bbp_topic_count":0,"_bbp_reply_count":0,"_bbp_total_topic_count":0,"_bbp_total_reply_count":0,"_bbp_voice_count":0,"_bbp_anonymous_reply_count":0,"_bbp_topic_count_hidden":0,"_bbp_reply_count_hidden":0,"_bbp_forum_subforum_count":0,"footnotes":""},"categories":[37,1,4],"tags":[],"class_list":["post-4383","post","type-post","status-publish","format-standard","has-post-thumbnail","hentry","category-escola","category-general","category-portada"],"post_mailing_queue_ids":[],"_links":{"self":[{"href":"https:\/\/agora.xtec.cat\/ceipelsametllers\/wp-json\/wp\/v2\/posts\/4383","targetHints":{"allow":["GET"]}}],"collection":[{"href":"https:\/\/agora.xtec.cat\/ceipelsametllers\/wp-json\/wp\/v2\/posts"}],"about":[{"href":"https:\/\/agora.xtec.cat\/ceipelsametllers\/wp-json\/wp\/v2\/types\/post"}],"author":[{"embeddable":true,"href":"https:\/\/agora.xtec.cat\/ceipelsametllers\/wp-json\/wp\/v2\/users\/1"}],"replies":[{"embeddable":true,"href":"https:\/\/agora.xtec.cat\/ceipelsametllers\/wp-json\/wp\/v2\/comments?post=4383"}],"version-history":[{"count":6,"href":"https:\/\/agora.xtec.cat\/ceipelsametllers\/wp-json\/wp\/v2\/posts\/4383\/revisions"}],"predecessor-version":[{"id":4424,"href":"https:\/\/agora.xtec.cat\/ceipelsametllers\/wp-json\/wp\/v2\/posts\/4383\/revisions\/4424"}],"wp:featuredmedia":[{"embeddable":true,"href":"https:\/\/agora.xtec.cat\/ceipelsametllers\/wp-json\/wp\/v2\/media\/4387"}],"wp:attachment":[{"href":"https:\/\/agora.xtec.cat\/ceipelsametllers\/wp-json\/wp\/v2\/media?parent=4383"}],"wp:term":[{"taxonomy":"category","embeddable":true,"href":"https:\/\/agora.xtec.cat\/ceipelsametllers\/wp-json\/wp\/v2\/categories?post=4383"},{"taxonomy":"post_tag","embeddable":true,"href":"https:\/\/agora.xtec.cat\/ceipelsametllers\/wp-json\/wp\/v2\/tags?post=4383"}],"curies":[{"name":"wp","href":"https:\/\/api.w.org\/{rel}","templated":true}]}}