{"id":4367,"date":"2024-06-26T12:49:40","date_gmt":"2024-06-26T10:49:40","guid":{"rendered":"https:\/\/agora.xtec.cat\/ceipelsametllers\/?p=4367"},"modified":"2024-06-26T12:49:40","modified_gmt":"2024-06-26T10:49:40","slug":"festival-fi-de-curs-23-24","status":"publish","type":"post","link":"https:\/\/agora.xtec.cat\/ceipelsametllers\/general\/festival-fi-de-curs-23-24\/","title":{"rendered":"Festival Fi de curs 23-24"},"content":{"rendered":"<p>Moltes gr\u00e0cies a tots els assistents al festival de fi de curs. Us deixem el v\u00eddeo amb una mostra dels valls. Des de l&#8217;escola volem agrair la col\u00b7laboraci\u00f3 dels pares i mares delegats, que va baixar a fer l&#8217;enregistrament de cada grup i ens l&#8217;han compartit. Tamb\u00e9 la comprensi\u00f3 dels pares, mares o familiars que no van poder estar a peu de pista i us vam demanar que estigueu a la grada. Esperem que us agradi. Bon estiu!!!<\/p>\n<p><iframe loading=\"lazy\" title=\"YouTube video player\" src=\"\/\/www.youtube.com\/embed\/1YclAcevL4Q?si=S-w3eyIR_GK4AYkZ\" width=\"560\" height=\"315\" frameborder=\"0\" allowfullscreen=\"allowfullscreen\"><\/iframe><\/p>\n","protected":false},"excerpt":{"rendered":"<p>Moltes gr\u00e0cies a tots els assistents al festival de fi de curs. Us deixem el v\u00eddeo amb una mostra dels valls. Des de l&#8217;escola volem agrair la col\u00b7laboraci\u00f3 dels pares i mares delegats, que va baixar a fer l&#8217;enregistrament de cada grup i ens l&#8217;han&hellip;  <a href=\"https:\/\/agora.xtec.cat\/ceipelsametllers\/general\/festival-fi-de-curs-23-24\/\" title=\"Read Festival Fi de curs 23-24\">Llegeix m\u00e9s\u00bb<\/a><\/p>\n","protected":false},"author":1,"featured_media":4369,"comment_status":"closed","ping_status":"closed","sticky":false,"template":"","format":"standard","meta":{"_bbp_topic_count":0,"_bbp_reply_count":0,"_bbp_total_topic_count":0,"_bbp_total_reply_count":0,"_bbp_voice_count":0,"_bbp_anonymous_reply_count":0,"_bbp_topic_count_hidden":0,"_bbp_reply_count_hidden":0,"_bbp_forum_subforum_count":0,"footnotes":""},"categories":[37,1,2,4,5],"tags":[],"class_list":["post-4367","post","type-post","status-publish","format-standard","has-post-thumbnail","hentry","category-escola","category-general","category-infantil","category-portada","category-primaria"],"post_mailing_queue_ids":[],"_links":{"self":[{"href":"https:\/\/agora.xtec.cat\/ceipelsametllers\/wp-json\/wp\/v2\/posts\/4367","targetHints":{"allow":["GET"]}}],"collection":[{"href":"https:\/\/agora.xtec.cat\/ceipelsametllers\/wp-json\/wp\/v2\/posts"}],"about":[{"href":"https:\/\/agora.xtec.cat\/ceipelsametllers\/wp-json\/wp\/v2\/types\/post"}],"author":[{"embeddable":true,"href":"https:\/\/agora.xtec.cat\/ceipelsametllers\/wp-json\/wp\/v2\/users\/1"}],"replies":[{"embeddable":true,"href":"https:\/\/agora.xtec.cat\/ceipelsametllers\/wp-json\/wp\/v2\/comments?post=4367"}],"version-history":[{"count":2,"href":"https:\/\/agora.xtec.cat\/ceipelsametllers\/wp-json\/wp\/v2\/posts\/4367\/revisions"}],"predecessor-version":[{"id":4370,"href":"https:\/\/agora.xtec.cat\/ceipelsametllers\/wp-json\/wp\/v2\/posts\/4367\/revisions\/4370"}],"wp:featuredmedia":[{"embeddable":true,"href":"https:\/\/agora.xtec.cat\/ceipelsametllers\/wp-json\/wp\/v2\/media\/4369"}],"wp:attachment":[{"href":"https:\/\/agora.xtec.cat\/ceipelsametllers\/wp-json\/wp\/v2\/media?parent=4367"}],"wp:term":[{"taxonomy":"category","embeddable":true,"href":"https:\/\/agora.xtec.cat\/ceipelsametllers\/wp-json\/wp\/v2\/categories?post=4367"},{"taxonomy":"post_tag","embeddable":true,"href":"https:\/\/agora.xtec.cat\/ceipelsametllers\/wp-json\/wp\/v2\/tags?post=4367"}],"curies":[{"name":"wp","href":"https:\/\/api.w.org\/{rel}","templated":true}]}}