{"id":4274,"date":"2024-02-03T11:34:10","date_gmt":"2024-02-03T10:34:10","guid":{"rendered":"https:\/\/agora.xtec.cat\/ceipelsametllers\/?p=4274"},"modified":"2024-02-03T11:34:10","modified_gmt":"2024-02-03T10:34:10","slug":"dia-escolar-de-la-no-violencia-i-la-pau-denip","status":"publish","type":"post","link":"https:\/\/agora.xtec.cat\/ceipelsametllers\/general\/dia-escolar-de-la-no-violencia-i-la-pau-denip\/","title":{"rendered":"DIA ESCOLAR DE LA NO-VIOL\u00c8NCIA I LA PAU (DENIP)"},"content":{"rendered":"<p>Aquesta setmana a l&#8217;escola hem celebrat el dia escolar de la no viol\u00e8ncia i la pau. El passat dia 30 de gener, coincidint amb l\u2019aniversari de la mort de Mahatma Gandhi, vam sortir al pati a reivindicar una educaci\u00f3 per la pau, la toler\u00e0ncia, la solidaritat i el respecte als drets humans.<\/p>\n<p>Els centres educatius d&#8217;arreu ens comprometem com a defensors de la pau i la conviv\u00e8ncia entre persones de diferent proced\u00e8ncia i maneres de pensar. L&#8217;educaci\u00f3 per la pau es centra en la resoluci\u00f3 no violenta dels conflictes tenint en compte la perspectiva positiva del conflicte i la manera de trobar-hi solucions no violentes.<\/p>\n<p><iframe loading=\"lazy\" title=\"YouTube video player\" src=\"\/\/www.youtube.com\/embed\/9OLtqC4TwcQ?si=s_KkdbrJN0pNtCg9\" width=\"560\" height=\"315\" frameborder=\"0\" allowfullscreen=\"allowfullscreen\"><\/iframe><\/p>\n","protected":false},"excerpt":{"rendered":"<p>Aquesta setmana a l&#8217;escola hem celebrat el dia escolar de la no viol\u00e8ncia i la pau. El passat dia 30 de gener, coincidint amb l\u2019aniversari de la mort de Mahatma Gandhi, vam sortir al pati a reivindicar una educaci\u00f3 per la pau, la toler\u00e0ncia, la&hellip;  <a href=\"https:\/\/agora.xtec.cat\/ceipelsametllers\/general\/dia-escolar-de-la-no-violencia-i-la-pau-denip\/\" title=\"Read DIA ESCOLAR DE LA NO-VIOL\u00c8NCIA I LA PAU (DENIP)\">Llegeix m\u00e9s\u00bb<\/a><\/p>\n","protected":false},"author":1,"featured_media":4275,"comment_status":"open","ping_status":"closed","sticky":false,"template":"","format":"standard","meta":{"_bbp_topic_count":0,"_bbp_reply_count":0,"_bbp_total_topic_count":0,"_bbp_total_reply_count":0,"_bbp_voice_count":0,"_bbp_anonymous_reply_count":0,"_bbp_topic_count_hidden":0,"_bbp_reply_count_hidden":0,"_bbp_forum_subforum_count":0,"footnotes":""},"categories":[1,4],"tags":[],"class_list":["post-4274","post","type-post","status-publish","format-standard","has-post-thumbnail","hentry","category-general","category-portada"],"post_mailing_queue_ids":[],"_links":{"self":[{"href":"https:\/\/agora.xtec.cat\/ceipelsametllers\/wp-json\/wp\/v2\/posts\/4274","targetHints":{"allow":["GET"]}}],"collection":[{"href":"https:\/\/agora.xtec.cat\/ceipelsametllers\/wp-json\/wp\/v2\/posts"}],"about":[{"href":"https:\/\/agora.xtec.cat\/ceipelsametllers\/wp-json\/wp\/v2\/types\/post"}],"author":[{"embeddable":true,"href":"https:\/\/agora.xtec.cat\/ceipelsametllers\/wp-json\/wp\/v2\/users\/1"}],"replies":[{"embeddable":true,"href":"https:\/\/agora.xtec.cat\/ceipelsametllers\/wp-json\/wp\/v2\/comments?post=4274"}],"version-history":[{"count":1,"href":"https:\/\/agora.xtec.cat\/ceipelsametllers\/wp-json\/wp\/v2\/posts\/4274\/revisions"}],"predecessor-version":[{"id":4276,"href":"https:\/\/agora.xtec.cat\/ceipelsametllers\/wp-json\/wp\/v2\/posts\/4274\/revisions\/4276"}],"wp:featuredmedia":[{"embeddable":true,"href":"https:\/\/agora.xtec.cat\/ceipelsametllers\/wp-json\/wp\/v2\/media\/4275"}],"wp:attachment":[{"href":"https:\/\/agora.xtec.cat\/ceipelsametllers\/wp-json\/wp\/v2\/media?parent=4274"}],"wp:term":[{"taxonomy":"category","embeddable":true,"href":"https:\/\/agora.xtec.cat\/ceipelsametllers\/wp-json\/wp\/v2\/categories?post=4274"},{"taxonomy":"post_tag","embeddable":true,"href":"https:\/\/agora.xtec.cat\/ceipelsametllers\/wp-json\/wp\/v2\/tags?post=4274"}],"curies":[{"name":"wp","href":"https:\/\/api.w.org\/{rel}","templated":true}]}}