{"id":4004,"date":"2023-07-14T13:15:12","date_gmt":"2023-07-14T11:15:12","guid":{"rendered":"https:\/\/agora.xtec.cat\/ceipelsametllers\/?p=4004"},"modified":"2023-09-07T13:29:53","modified_gmt":"2023-09-07T11:29:53","slug":"festa-de-lescola-els-ametllers-22-23","status":"publish","type":"post","link":"https:\/\/agora.xtec.cat\/ceipelsametllers\/general\/festa-de-lescola-els-ametllers-22-23\/","title":{"rendered":"Festa de l&#8217;escola Els ametllers 22-23"},"content":{"rendered":"<p>Aquest any hem fet una festa de final de curs diferent, condicionada per les restriccions degudes a la manca d&#8217;aigua i les altes temperatures. \u00c9s per aix\u00f2 que volem agrair especialment la col\u00b7laboraci\u00f3 de l&#8217;AFA, amb l&#8217;avituallament d&#8217;aigua, fruita fresca i fruits secs. Tamb\u00e9 volem agrair l&#8217;assist\u00e8ncia dels pares i mares que ens van ajudar el dia de la festa i que van compartir amb l&#8217;alumnat la jornada. Us deixem el v\u00eddeo amb el recull d&#8217;alguns moments de la festa.<\/p>\n<p style=\"text-align: center;\"><iframe loading=\"lazy\" title=\"YouTube video player\" src=\"\/\/www.youtube.com\/embed\/CnQuI7MDphw\" width=\"560\" height=\"315\" frameborder=\"0\" allowfullscreen=\"allowfullscreen\"><\/iframe><\/p>\n<p>&nbsp;<\/p>\n","protected":false},"excerpt":{"rendered":"<p>Aquest any hem fet una festa de final de curs diferent, condicionada per les restriccions degudes a la manca d&#8217;aigua i les altes temperatures. \u00c9s per aix\u00f2 que volem agrair especialment la col\u00b7laboraci\u00f3 de l&#8217;AFA, amb l&#8217;avituallament d&#8217;aigua, fruita fresca i fruits secs. Tamb\u00e9 volem&hellip;  <a href=\"https:\/\/agora.xtec.cat\/ceipelsametllers\/general\/festa-de-lescola-els-ametllers-22-23\/\" title=\"Read Festa de l&#8217;escola Els ametllers 22-23\">Llegeix m\u00e9s\u00bb<\/a><\/p>\n","protected":false},"author":1,"featured_media":4007,"comment_status":"open","ping_status":"closed","sticky":false,"template":"","format":"standard","meta":{"_bbp_topic_count":0,"_bbp_reply_count":0,"_bbp_total_topic_count":0,"_bbp_total_reply_count":0,"_bbp_voice_count":0,"_bbp_anonymous_reply_count":0,"_bbp_topic_count_hidden":0,"_bbp_reply_count_hidden":0,"_bbp_forum_subforum_count":0,"footnotes":""},"categories":[37,36,1,4,5],"tags":[],"class_list":["post-4004","post","type-post","status-publish","format-standard","has-post-thumbnail","hentry","category-escola","category-festes","category-general","category-portada","category-primaria"],"post_mailing_queue_ids":[],"_links":{"self":[{"href":"https:\/\/agora.xtec.cat\/ceipelsametllers\/wp-json\/wp\/v2\/posts\/4004","targetHints":{"allow":["GET"]}}],"collection":[{"href":"https:\/\/agora.xtec.cat\/ceipelsametllers\/wp-json\/wp\/v2\/posts"}],"about":[{"href":"https:\/\/agora.xtec.cat\/ceipelsametllers\/wp-json\/wp\/v2\/types\/post"}],"author":[{"embeddable":true,"href":"https:\/\/agora.xtec.cat\/ceipelsametllers\/wp-json\/wp\/v2\/users\/1"}],"replies":[{"embeddable":true,"href":"https:\/\/agora.xtec.cat\/ceipelsametllers\/wp-json\/wp\/v2\/comments?post=4004"}],"version-history":[{"count":3,"href":"https:\/\/agora.xtec.cat\/ceipelsametllers\/wp-json\/wp\/v2\/posts\/4004\/revisions"}],"predecessor-version":[{"id":4008,"href":"https:\/\/agora.xtec.cat\/ceipelsametllers\/wp-json\/wp\/v2\/posts\/4004\/revisions\/4008"}],"wp:featuredmedia":[{"embeddable":true,"href":"https:\/\/agora.xtec.cat\/ceipelsametllers\/wp-json\/wp\/v2\/media\/4007"}],"wp:attachment":[{"href":"https:\/\/agora.xtec.cat\/ceipelsametllers\/wp-json\/wp\/v2\/media?parent=4004"}],"wp:term":[{"taxonomy":"category","embeddable":true,"href":"https:\/\/agora.xtec.cat\/ceipelsametllers\/wp-json\/wp\/v2\/categories?post=4004"},{"taxonomy":"post_tag","embeddable":true,"href":"https:\/\/agora.xtec.cat\/ceipelsametllers\/wp-json\/wp\/v2\/tags?post=4004"}],"curies":[{"name":"wp","href":"https:\/\/api.w.org\/{rel}","templated":true}]}}