{"id":3900,"date":"2023-05-01T23:07:21","date_gmt":"2023-05-01T21:07:21","guid":{"rendered":"https:\/\/agora.xtec.cat\/ceipelsametllers\/?p=3900"},"modified":"2023-05-01T23:08:20","modified_gmt":"2023-05-01T21:08:20","slug":"educacio-infantil-rep-la-visita-duna-ambulancia","status":"publish","type":"post","link":"https:\/\/agora.xtec.cat\/ceipelsametllers\/general\/educacio-infantil-rep-la-visita-duna-ambulancia\/","title":{"rendered":"Educaci\u00f3 Infantil rep la visita d&#8217;una ambul\u00e0ncia."},"content":{"rendered":"<p>El divendres 28 d&#8217;abril, l&#8217;alumnat d&#8217;Educaci\u00f3 Infantil va rebre la visita d&#8217;una ambul\u00e0ncia assistencial, que s\u00f3n aquelles que estan condicionades amb tot el material i l\u2019equip sanitari necessari per a l\u2019atenci\u00f3 m\u00e8dica. Van poder seguir les explicacions i van poder pujar a l&#8217;ambul\u00e0ncia. A m\u00e9s, els hi van obsequiar amb una manualitat que es van poder emportar a casa. \u00c9s important educar en com s&#8217;ha d&#8217;actuar davant d&#8217;una emerg\u00e8ncia i han de con\u00e8ixer el n\u00fam. de tel\u00e8fon 112. Fins la propera!<\/p>\n<p><a href=\"https:\/\/agora.xtec.cat\/ceipelsametllers\/wp-content\/uploads\/usu1019\/2023\/05\/rsz_1img_7945.jpg\"><img loading=\"lazy\" decoding=\"async\" class=\"alignnone size-medium wp-image-3901\" src=\"https:\/\/agora.xtec.cat\/ceipelsametllers\/wp-content\/uploads\/usu1019\/2023\/05\/rsz_1img_7945-300x225.jpg\" alt=\"\" width=\"300\" height=\"225\" srcset=\"https:\/\/agora.xtec.cat\/ceipelsametllers\/wp-content\/uploads\/usu1019\/2023\/05\/rsz_1img_7945-300x225.jpg 300w, https:\/\/agora.xtec.cat\/ceipelsametllers\/wp-content\/uploads\/usu1019\/2023\/05\/rsz_1img_7945-1024x768.jpg 1024w, https:\/\/agora.xtec.cat\/ceipelsametllers\/wp-content\/uploads\/usu1019\/2023\/05\/rsz_1img_7945-768x576.jpg 768w, https:\/\/agora.xtec.cat\/ceipelsametllers\/wp-content\/uploads\/usu1019\/2023\/05\/rsz_1img_7945-1536x1152.jpg 1536w, https:\/\/agora.xtec.cat\/ceipelsametllers\/wp-content\/uploads\/usu1019\/2023\/05\/rsz_1img_7945-200x150.jpg 200w, https:\/\/agora.xtec.cat\/ceipelsametllers\/wp-content\/uploads\/usu1019\/2023\/05\/rsz_1img_7945.jpg 2016w\" sizes=\"auto, (max-width: 300px) 100vw, 300px\" \/><\/a><\/p>\n","protected":false},"excerpt":{"rendered":"<p>El divendres 28 d&#8217;abril, l&#8217;alumnat d&#8217;Educaci\u00f3 Infantil va rebre la visita d&#8217;una ambul\u00e0ncia assistencial, que s\u00f3n aquelles que estan condicionades amb tot el material i l\u2019equip sanitari necessari per a l\u2019atenci\u00f3 m\u00e8dica. Van poder seguir les explicacions i van poder pujar a l&#8217;ambul\u00e0ncia. A m\u00e9s,&hellip;  <a href=\"https:\/\/agora.xtec.cat\/ceipelsametllers\/general\/educacio-infantil-rep-la-visita-duna-ambulancia\/\" title=\"Read Educaci\u00f3 Infantil rep la visita d&#8217;una ambul\u00e0ncia.\">Llegeix m\u00e9s\u00bb<\/a><\/p>\n","protected":false},"author":1,"featured_media":3901,"comment_status":"open","ping_status":"closed","sticky":false,"template":"","format":"standard","meta":{"_bbp_topic_count":0,"_bbp_reply_count":0,"_bbp_total_topic_count":0,"_bbp_total_reply_count":0,"_bbp_voice_count":0,"_bbp_anonymous_reply_count":0,"_bbp_topic_count_hidden":0,"_bbp_reply_count_hidden":0,"_bbp_forum_subforum_count":0,"footnotes":""},"categories":[1,2,4],"tags":[],"class_list":["post-3900","post","type-post","status-publish","format-standard","has-post-thumbnail","hentry","category-general","category-infantil","category-portada"],"post_mailing_queue_ids":[],"_links":{"self":[{"href":"https:\/\/agora.xtec.cat\/ceipelsametllers\/wp-json\/wp\/v2\/posts\/3900","targetHints":{"allow":["GET"]}}],"collection":[{"href":"https:\/\/agora.xtec.cat\/ceipelsametllers\/wp-json\/wp\/v2\/posts"}],"about":[{"href":"https:\/\/agora.xtec.cat\/ceipelsametllers\/wp-json\/wp\/v2\/types\/post"}],"author":[{"embeddable":true,"href":"https:\/\/agora.xtec.cat\/ceipelsametllers\/wp-json\/wp\/v2\/users\/1"}],"replies":[{"embeddable":true,"href":"https:\/\/agora.xtec.cat\/ceipelsametllers\/wp-json\/wp\/v2\/comments?post=3900"}],"version-history":[{"count":1,"href":"https:\/\/agora.xtec.cat\/ceipelsametllers\/wp-json\/wp\/v2\/posts\/3900\/revisions"}],"predecessor-version":[{"id":3902,"href":"https:\/\/agora.xtec.cat\/ceipelsametllers\/wp-json\/wp\/v2\/posts\/3900\/revisions\/3902"}],"wp:featuredmedia":[{"embeddable":true,"href":"https:\/\/agora.xtec.cat\/ceipelsametllers\/wp-json\/wp\/v2\/media\/3901"}],"wp:attachment":[{"href":"https:\/\/agora.xtec.cat\/ceipelsametllers\/wp-json\/wp\/v2\/media?parent=3900"}],"wp:term":[{"taxonomy":"category","embeddable":true,"href":"https:\/\/agora.xtec.cat\/ceipelsametllers\/wp-json\/wp\/v2\/categories?post=3900"},{"taxonomy":"post_tag","embeddable":true,"href":"https:\/\/agora.xtec.cat\/ceipelsametllers\/wp-json\/wp\/v2\/tags?post=3900"}],"curies":[{"name":"wp","href":"https:\/\/api.w.org\/{rel}","templated":true}]}}