{"id":3882,"date":"2023-04-21T15:27:00","date_gmt":"2023-04-21T13:27:00","guid":{"rendered":"https:\/\/agora.xtec.cat\/ceipelsametllers\/?p=3882"},"modified":"2023-04-21T15:27:00","modified_gmt":"2023-04-21T13:27:00","slug":"biblioteca-de-lescola","status":"publish","type":"post","link":"https:\/\/agora.xtec.cat\/ceipelsametllers\/general\/biblioteca-de-lescola\/","title":{"rendered":"Biblioteca de l&#8217;escola"},"content":{"rendered":"<p>El grup de treball <strong>Projecte d\u2019Educaci\u00f3 Liter\u00e0ria<\/strong> del qual forma part la nostra coordinadora de biblioteca Marta Torn\u00e9.<\/p>\n<p>Van presentar ahir al CRP del Tarragon\u00e8s la <strong>Maleta Pedag\u00f2gica<\/strong> en qu\u00e8 han estat treballant durant tres cursos, que t\u00e9 com a objectiu principal ajudar a treballar <strong>l\u2019Educaci\u00f3 Liter\u00e0ria a l\u2019aula.<\/strong><\/p>\n<p>La maleta cont\u00e9 llibres per treballar tant en educaci\u00f3 infantil com a prim\u00e0ria. El grup ha treballat molt per fer un recull de llibres de qualitat, analitzar-los i unificar un criteri per fer una fitxa de treball. A m\u00e9s a m\u00e9s, els llibres contenen activitats i din\u00e0miques per treballar aquest llibres a l\u2019aula<\/p>\n<p><strong><span style=\"color: #3366ff;\">Aquest recurs el podran fer servir totes les escoles que ho desitgin i el podran demanar al CRP del Tarragon\u00e8s.<\/span><\/strong><\/p>\n<p><a href=\"https:\/\/agora.xtec.cat\/ceipelsametllers\/wp-content\/uploads\/usu1019\/2023\/04\/1682083305348.jpg\"><img loading=\"lazy\" decoding=\"async\" class=\"alignnone size-medium wp-image-3883\" src=\"https:\/\/agora.xtec.cat\/ceipelsametllers\/wp-content\/uploads\/usu1019\/2023\/04\/1682083305348-225x300.jpg\" alt=\"\" width=\"225\" height=\"300\" srcset=\"https:\/\/agora.xtec.cat\/ceipelsametllers\/wp-content\/uploads\/usu1019\/2023\/04\/1682083305348-225x300.jpg 225w, https:\/\/agora.xtec.cat\/ceipelsametllers\/wp-content\/uploads\/usu1019\/2023\/04\/1682083305348-768x1024.jpg 768w, https:\/\/agora.xtec.cat\/ceipelsametllers\/wp-content\/uploads\/usu1019\/2023\/04\/1682083305348-1152x1536.jpg 1152w, https:\/\/agora.xtec.cat\/ceipelsametllers\/wp-content\/uploads\/usu1019\/2023\/04\/1682083305348.jpg 1512w\" sizes=\"auto, (max-width: 225px) 100vw, 225px\" \/>\u00a0\u00a0\u00a0<\/a> <a href=\"https:\/\/agora.xtec.cat\/ceipelsametllers\/wp-content\/uploads\/usu1019\/2023\/04\/1682083305338.jpg\"><img loading=\"lazy\" decoding=\"async\" class=\"alignnone size-medium wp-image-3884\" src=\"https:\/\/agora.xtec.cat\/ceipelsametllers\/wp-content\/uploads\/usu1019\/2023\/04\/1682083305338-225x300.jpg\" alt=\"\" width=\"225\" height=\"300\" srcset=\"https:\/\/agora.xtec.cat\/ceipelsametllers\/wp-content\/uploads\/usu1019\/2023\/04\/1682083305338-225x300.jpg 225w, https:\/\/agora.xtec.cat\/ceipelsametllers\/wp-content\/uploads\/usu1019\/2023\/04\/1682083305338.jpg 768w\" sizes=\"auto, (max-width: 225px) 100vw, 225px\" \/><\/a> <a href=\"https:\/\/agora.xtec.cat\/ceipelsametllers\/wp-content\/uploads\/usu1019\/2023\/04\/1682083305326.jpg\">\u00a0 \u00a0<img loading=\"lazy\" decoding=\"async\" class=\"alignnone wp-image-3885\" src=\"https:\/\/agora.xtec.cat\/ceipelsametllers\/wp-content\/uploads\/usu1019\/2023\/04\/1682083305326-300x225.jpg\" alt=\"\" width=\"400\" height=\"300\" srcset=\"https:\/\/agora.xtec.cat\/ceipelsametllers\/wp-content\/uploads\/usu1019\/2023\/04\/1682083305326-300x225.jpg 300w, https:\/\/agora.xtec.cat\/ceipelsametllers\/wp-content\/uploads\/usu1019\/2023\/04\/1682083305326-768x576.jpg 768w, https:\/\/agora.xtec.cat\/ceipelsametllers\/wp-content\/uploads\/usu1019\/2023\/04\/1682083305326-200x150.jpg 200w, https:\/\/agora.xtec.cat\/ceipelsametllers\/wp-content\/uploads\/usu1019\/2023\/04\/1682083305326.jpg 1024w\" sizes=\"auto, (max-width: 400px) 100vw, 400px\" \/><\/a><\/p>\n","protected":false},"excerpt":{"rendered":"<p>El grup de treball Projecte d\u2019Educaci\u00f3 Liter\u00e0ria del qual forma part la nostra coordinadora de biblioteca Marta Torn\u00e9.<br \/>\nVan presentar ahir al CRP del Tarragon\u00e8s la Maleta Pedag\u00f2gica en qu\u00e8 han estat treballant durant tres cursos, que t\u00e9 com a objectiu principal ajudar a treballar l\u2019Educaci\u00f3&hellip;  <a href=\"https:\/\/agora.xtec.cat\/ceipelsametllers\/general\/biblioteca-de-lescola\/\" title=\"Read Biblioteca de l&#8217;escola\">Llegeix m\u00e9s\u00bb<\/a><\/p>\n","protected":false},"author":1,"featured_media":3884,"comment_status":"open","ping_status":"closed","sticky":false,"template":"","format":"standard","meta":{"_bbp_topic_count":0,"_bbp_reply_count":0,"_bbp_total_topic_count":0,"_bbp_total_reply_count":0,"_bbp_voice_count":0,"_bbp_anonymous_reply_count":0,"_bbp_topic_count_hidden":0,"_bbp_reply_count_hidden":0,"_bbp_forum_subforum_count":0,"footnotes":""},"categories":[66,37,1,4],"tags":[],"class_list":["post-3882","post","type-post","status-publish","format-standard","has-post-thumbnail","hentry","category-biblioteca","category-escola","category-general","category-portada"],"post_mailing_queue_ids":[],"_links":{"self":[{"href":"https:\/\/agora.xtec.cat\/ceipelsametllers\/wp-json\/wp\/v2\/posts\/3882","targetHints":{"allow":["GET"]}}],"collection":[{"href":"https:\/\/agora.xtec.cat\/ceipelsametllers\/wp-json\/wp\/v2\/posts"}],"about":[{"href":"https:\/\/agora.xtec.cat\/ceipelsametllers\/wp-json\/wp\/v2\/types\/post"}],"author":[{"embeddable":true,"href":"https:\/\/agora.xtec.cat\/ceipelsametllers\/wp-json\/wp\/v2\/users\/1"}],"replies":[{"embeddable":true,"href":"https:\/\/agora.xtec.cat\/ceipelsametllers\/wp-json\/wp\/v2\/comments?post=3882"}],"version-history":[{"count":2,"href":"https:\/\/agora.xtec.cat\/ceipelsametllers\/wp-json\/wp\/v2\/posts\/3882\/revisions"}],"predecessor-version":[{"id":3887,"href":"https:\/\/agora.xtec.cat\/ceipelsametllers\/wp-json\/wp\/v2\/posts\/3882\/revisions\/3887"}],"wp:featuredmedia":[{"embeddable":true,"href":"https:\/\/agora.xtec.cat\/ceipelsametllers\/wp-json\/wp\/v2\/media\/3884"}],"wp:attachment":[{"href":"https:\/\/agora.xtec.cat\/ceipelsametllers\/wp-json\/wp\/v2\/media?parent=3882"}],"wp:term":[{"taxonomy":"category","embeddable":true,"href":"https:\/\/agora.xtec.cat\/ceipelsametllers\/wp-json\/wp\/v2\/categories?post=3882"},{"taxonomy":"post_tag","embeddable":true,"href":"https:\/\/agora.xtec.cat\/ceipelsametllers\/wp-json\/wp\/v2\/tags?post=3882"}],"curies":[{"name":"wp","href":"https:\/\/api.w.org\/{rel}","templated":true}]}}