{"id":3839,"date":"2023-03-23T09:52:04","date_gmt":"2023-03-23T08:52:04","guid":{"rendered":"https:\/\/agora.xtec.cat\/ceipelsametllers\/?p=3839"},"modified":"2023-03-23T10:01:34","modified_gmt":"2023-03-23T09:01:34","slug":"xix-certamen-de-lectura-en-veu-alta","status":"publish","type":"post","link":"https:\/\/agora.xtec.cat\/ceipelsametllers\/general\/xix-certamen-de-lectura-en-veu-alta\/","title":{"rendered":"XIX Certamen de Lectura en Veu Alta"},"content":{"rendered":"<p><a href=\"https:\/\/agora.xtec.cat\/ceipelsametllers\/wp-content\/uploads\/usu1019\/2023\/03\/XIX-Veu-Alta.jpg\"><img loading=\"lazy\" decoding=\"async\" class=\"size-medium wp-image-3840 alignleft\" src=\"https:\/\/agora.xtec.cat\/ceipelsametllers\/wp-content\/uploads\/usu1019\/2023\/03\/XIX-Veu-Alta-228x300.jpg\" alt=\"\" width=\"228\" height=\"300\" srcset=\"https:\/\/agora.xtec.cat\/ceipelsametllers\/wp-content\/uploads\/usu1019\/2023\/03\/XIX-Veu-Alta-228x300.jpg 228w, https:\/\/agora.xtec.cat\/ceipelsametllers\/wp-content\/uploads\/usu1019\/2023\/03\/XIX-Veu-Alta.jpg 639w\" sizes=\"auto, (max-width: 228px) 100vw, 228px\" \/><\/a><\/p>\n<p>Benvolgudes fam\u00edlies, el passat dimecres 22 de mar\u00e7, l&#8217;escola va participar en la semifinal del XIX Certamen de Lectura en Veu Alta a Tarragona. Luca Florit S\u00e1nchez de 4t i Maider Vera Blanco de 6\u00e8 ho han fet molt b\u00e9 en els seus respectius grups i Maider ha estat seleccionada per a representar l&#8217;escola en la final territorial que tindr\u00e0 lloc el proper 11 de maig a l&#8217;Auditori de la Diputaci\u00f3 de Tarragona. Enhorabona! Volem donar les gr\u00e0cies tamb\u00e9 a l&#8217;alumnat reserva (Nika Loginova de 3r i Albert Maym\u00f3 Alc\u00e0ntara de 6\u00e8) per la seva preparaci\u00f3 i animar a tot l&#8217;alumnat a seguir llegint i gaudint de la lectura.<br \/>\nMoltes gr\u00e0cies!<\/p>\n","protected":false},"excerpt":{"rendered":"<p><a href=\"https:\/\/agora.xtec.cat\/ceipelsametllers\/wp-content\/uploads\/usu1019\/2023\/03\/XIX-Veu-Alta.jpg\"><\/a><br \/>\nBenvolgudes fam\u00edlies, el passat dimecres 22 de mar\u00e7, l&#8217;escola va participar en la semifinal del XIX Certamen de Lectura en Veu Alta a Tarragona. Luca Florit S\u00e1nchez de 4t i Maider Vera Blanco de 6\u00e8 ho han fet molt b\u00e9 en els seus respectius&hellip;  <a href=\"https:\/\/agora.xtec.cat\/ceipelsametllers\/general\/xix-certamen-de-lectura-en-veu-alta\/\" title=\"Read XIX Certamen de Lectura en Veu Alta\">Llegeix m\u00e9s\u00bb<\/a><\/p>\n","protected":false},"author":1,"featured_media":3840,"comment_status":"open","ping_status":"closed","sticky":false,"template":"","format":"standard","meta":{"_bbp_topic_count":0,"_bbp_reply_count":0,"_bbp_total_topic_count":0,"_bbp_total_reply_count":0,"_bbp_voice_count":0,"_bbp_anonymous_reply_count":0,"_bbp_topic_count_hidden":0,"_bbp_reply_count_hidden":0,"_bbp_forum_subforum_count":0,"footnotes":""},"categories":[37,1,2,4,5],"tags":[],"class_list":["post-3839","post","type-post","status-publish","format-standard","has-post-thumbnail","hentry","category-escola","category-general","category-infantil","category-portada","category-primaria"],"post_mailing_queue_ids":[],"_links":{"self":[{"href":"https:\/\/agora.xtec.cat\/ceipelsametllers\/wp-json\/wp\/v2\/posts\/3839","targetHints":{"allow":["GET"]}}],"collection":[{"href":"https:\/\/agora.xtec.cat\/ceipelsametllers\/wp-json\/wp\/v2\/posts"}],"about":[{"href":"https:\/\/agora.xtec.cat\/ceipelsametllers\/wp-json\/wp\/v2\/types\/post"}],"author":[{"embeddable":true,"href":"https:\/\/agora.xtec.cat\/ceipelsametllers\/wp-json\/wp\/v2\/users\/1"}],"replies":[{"embeddable":true,"href":"https:\/\/agora.xtec.cat\/ceipelsametllers\/wp-json\/wp\/v2\/comments?post=3839"}],"version-history":[{"count":3,"href":"https:\/\/agora.xtec.cat\/ceipelsametllers\/wp-json\/wp\/v2\/posts\/3839\/revisions"}],"predecessor-version":[{"id":3843,"href":"https:\/\/agora.xtec.cat\/ceipelsametllers\/wp-json\/wp\/v2\/posts\/3839\/revisions\/3843"}],"wp:featuredmedia":[{"embeddable":true,"href":"https:\/\/agora.xtec.cat\/ceipelsametllers\/wp-json\/wp\/v2\/media\/3840"}],"wp:attachment":[{"href":"https:\/\/agora.xtec.cat\/ceipelsametllers\/wp-json\/wp\/v2\/media?parent=3839"}],"wp:term":[{"taxonomy":"category","embeddable":true,"href":"https:\/\/agora.xtec.cat\/ceipelsametllers\/wp-json\/wp\/v2\/categories?post=3839"},{"taxonomy":"post_tag","embeddable":true,"href":"https:\/\/agora.xtec.cat\/ceipelsametllers\/wp-json\/wp\/v2\/tags?post=3839"}],"curies":[{"name":"wp","href":"https:\/\/api.w.org\/{rel}","templated":true}]}}