{"id":3765,"date":"2023-01-30T13:11:27","date_gmt":"2023-01-30T12:11:27","guid":{"rendered":"https:\/\/agora.xtec.cat\/ceipelsametllers\/?p=3765"},"modified":"2023-01-30T13:11:27","modified_gmt":"2023-01-30T12:11:27","slug":"dia-escolar-de-la-no-violencia-i-la-pau","status":"publish","type":"post","link":"https:\/\/agora.xtec.cat\/ceipelsametllers\/general\/dia-escolar-de-la-no-violencia-i-la-pau\/","title":{"rendered":"Dia Escolar de la No-viol\u00e8ncia i la Pau"},"content":{"rendered":"<p>Benvolgudes fam\u00edlies, avui 30 de gener, l&#8217;escola ha celebrat el DENIP (Dia Escolar de la No-viol\u00e8ncia i la Pau). Ens hem reunit al pati per commemorar aquesta data i escoltar el manifest per la pau que ha llegit l&#8217;alumnat de 6\u00e8.<\/p>\n<p><iframe loading=\"lazy\" title=\"Dia de la pau\" width=\"500\" height=\"281\" src=\"https:\/\/www.youtube.com\/embed\/KC0vh4EFcrI?feature=oembed\" frameborder=\"0\" allow=\"accelerometer; autoplay; clipboard-write; encrypted-media; gyroscope; picture-in-picture; web-share\" referrerpolicy=\"strict-origin-when-cross-origin\" allowfullscreen><\/iframe><\/p>\n<p>&nbsp;<\/p>\n","protected":false},"excerpt":{"rendered":"<p>Benvolgudes fam\u00edlies, avui 30 de gener, l&#8217;escola ha celebrat el DENIP (Dia Escolar de la No-viol\u00e8ncia i la Pau). Ens hem reunit al pati per commemorar aquesta data i escoltar el manifest per la pau que ha llegit l&#8217;alumnat de 6\u00e8.<\/p>\n<p>&nbsp;<\/p>\n","protected":false},"author":1,"featured_media":3767,"comment_status":"open","ping_status":"closed","sticky":false,"template":"","format":"standard","meta":{"_bbp_topic_count":0,"_bbp_reply_count":0,"_bbp_total_topic_count":0,"_bbp_total_reply_count":0,"_bbp_voice_count":0,"_bbp_anonymous_reply_count":0,"_bbp_topic_count_hidden":0,"_bbp_reply_count_hidden":0,"_bbp_forum_subforum_count":0,"footnotes":""},"categories":[37,1,4],"tags":[],"class_list":["post-3765","post","type-post","status-publish","format-standard","has-post-thumbnail","hentry","category-escola","category-general","category-portada"],"post_mailing_queue_ids":[],"_links":{"self":[{"href":"https:\/\/agora.xtec.cat\/ceipelsametllers\/wp-json\/wp\/v2\/posts\/3765","targetHints":{"allow":["GET"]}}],"collection":[{"href":"https:\/\/agora.xtec.cat\/ceipelsametllers\/wp-json\/wp\/v2\/posts"}],"about":[{"href":"https:\/\/agora.xtec.cat\/ceipelsametllers\/wp-json\/wp\/v2\/types\/post"}],"author":[{"embeddable":true,"href":"https:\/\/agora.xtec.cat\/ceipelsametllers\/wp-json\/wp\/v2\/users\/1"}],"replies":[{"embeddable":true,"href":"https:\/\/agora.xtec.cat\/ceipelsametllers\/wp-json\/wp\/v2\/comments?post=3765"}],"version-history":[{"count":1,"href":"https:\/\/agora.xtec.cat\/ceipelsametllers\/wp-json\/wp\/v2\/posts\/3765\/revisions"}],"predecessor-version":[{"id":3766,"href":"https:\/\/agora.xtec.cat\/ceipelsametllers\/wp-json\/wp\/v2\/posts\/3765\/revisions\/3766"}],"wp:featuredmedia":[{"embeddable":true,"href":"https:\/\/agora.xtec.cat\/ceipelsametllers\/wp-json\/wp\/v2\/media\/3767"}],"wp:attachment":[{"href":"https:\/\/agora.xtec.cat\/ceipelsametllers\/wp-json\/wp\/v2\/media?parent=3765"}],"wp:term":[{"taxonomy":"category","embeddable":true,"href":"https:\/\/agora.xtec.cat\/ceipelsametllers\/wp-json\/wp\/v2\/categories?post=3765"},{"taxonomy":"post_tag","embeddable":true,"href":"https:\/\/agora.xtec.cat\/ceipelsametllers\/wp-json\/wp\/v2\/tags?post=3765"}],"curies":[{"name":"wp","href":"https:\/\/api.w.org\/{rel}","templated":true}]}}