{"id":3757,"date":"2023-01-23T17:57:03","date_gmt":"2023-01-23T16:57:03","guid":{"rendered":"https:\/\/agora.xtec.cat\/ceipelsametllers\/?p=3757"},"modified":"2023-01-23T18:09:04","modified_gmt":"2023-01-23T17:09:04","slug":"reunio-de-delegats-de-lescola","status":"publish","type":"post","link":"https:\/\/agora.xtec.cat\/ceipelsametllers\/general\/reunio-de-delegats-de-lescola\/","title":{"rendered":"Reuni\u00f3 de delegats de l&#8217;escola"},"content":{"rendered":"<p>Avui hem fet la primera reuni\u00f3 del segon trimestre. En aquestes reunions l&#8217;alumnat pot expressar les seves queixes i propostes de millora a trav\u00e9s dels delegats i delegades de cada curs.<\/p>\n<p>Us deixem les imatges de la primera reuni\u00f3 amb tots els seus membres i de la d&#8217;avui.<\/p>\n<p><a href=\"https:\/\/agora.xtec.cat\/ceipelsametllers\/wp-content\/uploads\/usu1019\/2023\/01\/Reunio_delegat-scaled.jpg\"><img loading=\"lazy\" decoding=\"async\" class=\"alignnone size-medium wp-image-3763\" src=\"https:\/\/agora.xtec.cat\/ceipelsametllers\/wp-content\/uploads\/usu1019\/2023\/01\/Reunio_delegat-300x169.jpg\" alt=\"\" width=\"300\" height=\"169\" srcset=\"https:\/\/agora.xtec.cat\/ceipelsametllers\/wp-content\/uploads\/usu1019\/2023\/01\/Reunio_delegat-300x169.jpg 300w, https:\/\/agora.xtec.cat\/ceipelsametllers\/wp-content\/uploads\/usu1019\/2023\/01\/Reunio_delegat-1024x576.jpg 1024w, https:\/\/agora.xtec.cat\/ceipelsametllers\/wp-content\/uploads\/usu1019\/2023\/01\/Reunio_delegat-768x432.jpg 768w, https:\/\/agora.xtec.cat\/ceipelsametllers\/wp-content\/uploads\/usu1019\/2023\/01\/Reunio_delegat-1536x864.jpg 1536w, https:\/\/agora.xtec.cat\/ceipelsametllers\/wp-content\/uploads\/usu1019\/2023\/01\/Reunio_delegat-2048x1152.jpg 2048w\" sizes=\"auto, (max-width: 300px) 100vw, 300px\" \/><\/a><a href=\"https:\/\/agora.xtec.cat\/ceipelsametllers\/wp-content\/uploads\/usu1019\/2023\/01\/reunio-delegats_03.jpeg\">\u00a0 \u00a0 <img loading=\"lazy\" decoding=\"async\" class=\"alignnone wp-image-3759\" src=\"https:\/\/agora.xtec.cat\/ceipelsametllers\/wp-content\/uploads\/usu1019\/2023\/01\/reunio-delegats_03-300x225.jpeg\" alt=\"\" width=\"225\" height=\"169\" srcset=\"https:\/\/agora.xtec.cat\/ceipelsametllers\/wp-content\/uploads\/usu1019\/2023\/01\/reunio-delegats_03-300x225.jpeg 300w, https:\/\/agora.xtec.cat\/ceipelsametllers\/wp-content\/uploads\/usu1019\/2023\/01\/reunio-delegats_03-1024x768.jpeg 1024w, https:\/\/agora.xtec.cat\/ceipelsametllers\/wp-content\/uploads\/usu1019\/2023\/01\/reunio-delegats_03-768x576.jpeg 768w, https:\/\/agora.xtec.cat\/ceipelsametllers\/wp-content\/uploads\/usu1019\/2023\/01\/reunio-delegats_03-1536x1152.jpeg 1536w, https:\/\/agora.xtec.cat\/ceipelsametllers\/wp-content\/uploads\/usu1019\/2023\/01\/reunio-delegats_03-200x150.jpeg 200w, https:\/\/agora.xtec.cat\/ceipelsametllers\/wp-content\/uploads\/usu1019\/2023\/01\/reunio-delegats_03.jpeg 2048w\" sizes=\"auto, (max-width: 225px) 100vw, 225px\" \/><\/a><\/p>\n","protected":false},"excerpt":{"rendered":"<p>Avui hem fet la primera reuni\u00f3 del segon trimestre. En aquestes reunions l&#8217;alumnat pot expressar les seves queixes i propostes de millora a trav\u00e9s dels delegats i delegades de cada curs.<br \/>\nUs deixem les imatges de la primera reuni\u00f3 amb tots els seus membres i de&hellip;  <a href=\"https:\/\/agora.xtec.cat\/ceipelsametllers\/general\/reunio-de-delegats-de-lescola\/\" title=\"Read Reuni\u00f3 de delegats de l&#8217;escola\">Llegeix m\u00e9s\u00bb<\/a><\/p>\n","protected":false},"author":1,"featured_media":0,"comment_status":"open","ping_status":"closed","sticky":false,"template":"","format":"standard","meta":{"_bbp_topic_count":0,"_bbp_reply_count":0,"_bbp_total_topic_count":0,"_bbp_total_reply_count":0,"_bbp_voice_count":0,"_bbp_anonymous_reply_count":0,"_bbp_topic_count_hidden":0,"_bbp_reply_count_hidden":0,"_bbp_forum_subforum_count":0,"footnotes":""},"categories":[37,1,4,5],"tags":[],"class_list":["post-3757","post","type-post","status-publish","format-standard","hentry","category-escola","category-general","category-portada","category-primaria"],"post_mailing_queue_ids":[],"_links":{"self":[{"href":"https:\/\/agora.xtec.cat\/ceipelsametllers\/wp-json\/wp\/v2\/posts\/3757","targetHints":{"allow":["GET"]}}],"collection":[{"href":"https:\/\/agora.xtec.cat\/ceipelsametllers\/wp-json\/wp\/v2\/posts"}],"about":[{"href":"https:\/\/agora.xtec.cat\/ceipelsametllers\/wp-json\/wp\/v2\/types\/post"}],"author":[{"embeddable":true,"href":"https:\/\/agora.xtec.cat\/ceipelsametllers\/wp-json\/wp\/v2\/users\/1"}],"replies":[{"embeddable":true,"href":"https:\/\/agora.xtec.cat\/ceipelsametllers\/wp-json\/wp\/v2\/comments?post=3757"}],"version-history":[{"count":3,"href":"https:\/\/agora.xtec.cat\/ceipelsametllers\/wp-json\/wp\/v2\/posts\/3757\/revisions"}],"predecessor-version":[{"id":3764,"href":"https:\/\/agora.xtec.cat\/ceipelsametllers\/wp-json\/wp\/v2\/posts\/3757\/revisions\/3764"}],"wp:attachment":[{"href":"https:\/\/agora.xtec.cat\/ceipelsametllers\/wp-json\/wp\/v2\/media?parent=3757"}],"wp:term":[{"taxonomy":"category","embeddable":true,"href":"https:\/\/agora.xtec.cat\/ceipelsametllers\/wp-json\/wp\/v2\/categories?post=3757"},{"taxonomy":"post_tag","embeddable":true,"href":"https:\/\/agora.xtec.cat\/ceipelsametllers\/wp-json\/wp\/v2\/tags?post=3757"}],"curies":[{"name":"wp","href":"https:\/\/api.w.org\/{rel}","templated":true}]}}