{"id":3178,"date":"2022-01-10T12:49:09","date_gmt":"2022-01-10T11:49:09","guid":{"rendered":"https:\/\/agora.xtec.cat\/ceipelsametllers\/?p=3178"},"modified":"2022-01-10T12:49:09","modified_gmt":"2022-01-10T11:49:09","slug":"tercer-celebra-el-nadal-cantant-i-recitant","status":"publish","type":"post","link":"https:\/\/agora.xtec.cat\/ceipelsametllers\/general\/tercer-celebra-el-nadal-cantant-i-recitant\/","title":{"rendered":"Tercer celebra el Nadal cantant i recitant"},"content":{"rendered":"<p><a href=\"https:\/\/agora.xtec.cat\/ceipelsametllers\/wp-content\/uploads\/usu1019\/2022\/01\/3r.png\"><img loading=\"lazy\" decoding=\"async\" class=\"alignnone size-full wp-image-3179\" src=\"https:\/\/agora.xtec.cat\/ceipelsametllers\/wp-content\/uploads\/usu1019\/2022\/01\/3r.png\" alt=\"\" width=\"801\" height=\"388\" srcset=\"https:\/\/agora.xtec.cat\/ceipelsametllers\/wp-content\/uploads\/usu1019\/2022\/01\/3r.png 801w, https:\/\/agora.xtec.cat\/ceipelsametllers\/wp-content\/uploads\/usu1019\/2022\/01\/3r-300x145.png 300w, https:\/\/agora.xtec.cat\/ceipelsametllers\/wp-content\/uploads\/usu1019\/2022\/01\/3r-768x372.png 768w\" sizes=\"auto, (max-width: 801px) 100vw, 801px\" \/><\/a><\/p>\n<p>El 22 de desembre passat els alumnes de tercer de l&#8217;escola van recitar el poema de nadal &#8220;El ti\u00f3&#8221; de Joana Raspall i van cantar la can\u00e7\u00f3 &#8220;Obre els ulls&#8221; dels Catarres durant el festival de Nadal. Ho van fer super b\u00e9! S\u00f3n uns artistes!<\/p>\n","protected":false},"excerpt":{"rendered":"<p><a href=\"https:\/\/agora.xtec.cat\/ceipelsametllers\/wp-content\/uploads\/usu1019\/2022\/01\/3r.png\"><\/a><br \/>\nEl 22 de desembre passat els alumnes de tercer de l&#8217;escola van recitar el poema de nadal &#8220;El ti\u00f3&#8221; de Joana Raspall i van cantar la can\u00e7\u00f3 &#8220;Obre els ulls&#8221; dels Catarres durant el festival de Nadal. Ho van fer super b\u00e9! S\u00f3n uns&hellip;  <a href=\"https:\/\/agora.xtec.cat\/ceipelsametllers\/general\/tercer-celebra-el-nadal-cantant-i-recitant\/\" title=\"Read Tercer celebra el Nadal cantant i recitant\">Llegeix m\u00e9s\u00bb<\/a><\/p>\n","protected":false},"author":3,"featured_media":0,"comment_status":"open","ping_status":"closed","sticky":false,"template":"","format":"standard","meta":{"_bbp_topic_count":0,"_bbp_reply_count":0,"_bbp_total_topic_count":0,"_bbp_total_reply_count":0,"_bbp_voice_count":0,"_bbp_anonymous_reply_count":0,"_bbp_topic_count_hidden":0,"_bbp_reply_count_hidden":0,"_bbp_forum_subforum_count":0,"footnotes":""},"categories":[1],"tags":[],"class_list":["post-3178","post","type-post","status-publish","format-standard","hentry","category-general"],"post_mailing_queue_ids":[],"_links":{"self":[{"href":"https:\/\/agora.xtec.cat\/ceipelsametllers\/wp-json\/wp\/v2\/posts\/3178","targetHints":{"allow":["GET"]}}],"collection":[{"href":"https:\/\/agora.xtec.cat\/ceipelsametllers\/wp-json\/wp\/v2\/posts"}],"about":[{"href":"https:\/\/agora.xtec.cat\/ceipelsametllers\/wp-json\/wp\/v2\/types\/post"}],"author":[{"embeddable":true,"href":"https:\/\/agora.xtec.cat\/ceipelsametllers\/wp-json\/wp\/v2\/users\/3"}],"replies":[{"embeddable":true,"href":"https:\/\/agora.xtec.cat\/ceipelsametllers\/wp-json\/wp\/v2\/comments?post=3178"}],"version-history":[{"count":1,"href":"https:\/\/agora.xtec.cat\/ceipelsametllers\/wp-json\/wp\/v2\/posts\/3178\/revisions"}],"predecessor-version":[{"id":3180,"href":"https:\/\/agora.xtec.cat\/ceipelsametllers\/wp-json\/wp\/v2\/posts\/3178\/revisions\/3180"}],"wp:attachment":[{"href":"https:\/\/agora.xtec.cat\/ceipelsametllers\/wp-json\/wp\/v2\/media?parent=3178"}],"wp:term":[{"taxonomy":"category","embeddable":true,"href":"https:\/\/agora.xtec.cat\/ceipelsametllers\/wp-json\/wp\/v2\/categories?post=3178"},{"taxonomy":"post_tag","embeddable":true,"href":"https:\/\/agora.xtec.cat\/ceipelsametllers\/wp-json\/wp\/v2\/tags?post=3178"}],"curies":[{"name":"wp","href":"https:\/\/api.w.org\/{rel}","templated":true}]}}