{"id":2934,"date":"2021-05-07T15:10:35","date_gmt":"2021-05-07T13:10:35","guid":{"rendered":"http:\/\/agora.xtec.cat\/ceipelsametllers\/?p=2934"},"modified":"2021-05-07T15:10:35","modified_gmt":"2021-05-07T13:10:35","slug":"publicacio-de-la-llista-de-sollicituds-que-han-demanat-el-centre-i-lensenyament","status":"publish","type":"post","link":"https:\/\/agora.xtec.cat\/ceipelsametllers\/general\/publicacio-de-la-llista-de-sollicituds-que-han-demanat-el-centre-i-lensenyament\/","title":{"rendered":"Publicaci\u00f3 de la llista de sol\u00b7licituds que han demanat el centre i l&#8217;ensenyament"},"content":{"rendered":"<p><a href=\"https:\/\/agora.xtec.cat\/ceipelsametllers\/wp-content\/uploads\/usu1019\/2021\/05\/INFORME_BAREM_DEFINITIU_BAREM.pdf\">Educaci\u00f3 Infantil de segon cicle i Educaci\u00f3 Prim\u00e0ria 2021\/2022<\/a><br \/>\n<a href=\"https:\/\/agora.xtec.cat\/ceipelsametllers\/wp-content\/uploads\/usu1019\/2021\/05\/INFORME_BAREM_DEFINITIU_BAREM.pdf\">Publicaci\u00f3 de la llista de sol\u00b7licituds que han demanat el centre i l&#8217;ensenyament en primera<\/a><br \/>\n<a href=\"https:\/\/agora.xtec.cat\/ceipelsametllers\/wp-content\/uploads\/usu1019\/2021\/05\/INFORME_BAREM_DEFINITIU_BAREM.pdf\">petici\u00f3 ordenada a 07\/05\/2021<\/a><\/p>\n<p>&nbsp;<\/p>\n","protected":false},"excerpt":{"rendered":"<p><a href=\"https:\/\/agora.xtec.cat\/ceipelsametllers\/wp-content\/uploads\/usu1019\/2021\/05\/INFORME_BAREM_DEFINITIU_BAREM.pdf\">Educaci\u00f3 Infantil de segon cicle i Educaci\u00f3 Prim\u00e0ria 2021\/2022<\/a><br \/>\n<a href=\"https:\/\/agora.xtec.cat\/ceipelsametllers\/wp-content\/uploads\/usu1019\/2021\/05\/INFORME_BAREM_DEFINITIU_BAREM.pdf\">Publicaci\u00f3 de la llista de sol\u00b7licituds que han demanat el centre i l&#8217;ensenyament en primera<\/a><br \/>\n<a href=\"https:\/\/agora.xtec.cat\/ceipelsametllers\/wp-content\/uploads\/usu1019\/2021\/05\/INFORME_BAREM_DEFINITIU_BAREM.pdf\">petici\u00f3 ordenada a 07\/05\/2021<\/a><br \/>\n&nbsp;<\/p>\n","protected":false},"author":1,"featured_media":0,"comment_status":"closed","ping_status":"closed","sticky":false,"template":"","format":"standard","meta":{"_bbp_topic_count":0,"_bbp_reply_count":0,"_bbp_total_topic_count":0,"_bbp_total_reply_count":0,"_bbp_voice_count":0,"_bbp_anonymous_reply_count":0,"_bbp_topic_count_hidden":0,"_bbp_reply_count_hidden":0,"_bbp_forum_subforum_count":0,"footnotes":""},"categories":[37,1,2,4,5],"tags":[],"class_list":["post-2934","post","type-post","status-publish","format-standard","hentry","category-escola","category-general","category-infantil","category-portada","category-primaria"],"post_mailing_queue_ids":[],"_links":{"self":[{"href":"https:\/\/agora.xtec.cat\/ceipelsametllers\/wp-json\/wp\/v2\/posts\/2934","targetHints":{"allow":["GET"]}}],"collection":[{"href":"https:\/\/agora.xtec.cat\/ceipelsametllers\/wp-json\/wp\/v2\/posts"}],"about":[{"href":"https:\/\/agora.xtec.cat\/ceipelsametllers\/wp-json\/wp\/v2\/types\/post"}],"author":[{"embeddable":true,"href":"https:\/\/agora.xtec.cat\/ceipelsametllers\/wp-json\/wp\/v2\/users\/1"}],"replies":[{"embeddable":true,"href":"https:\/\/agora.xtec.cat\/ceipelsametllers\/wp-json\/wp\/v2\/comments?post=2934"}],"version-history":[{"count":1,"href":"https:\/\/agora.xtec.cat\/ceipelsametllers\/wp-json\/wp\/v2\/posts\/2934\/revisions"}],"predecessor-version":[{"id":2936,"href":"https:\/\/agora.xtec.cat\/ceipelsametllers\/wp-json\/wp\/v2\/posts\/2934\/revisions\/2936"}],"wp:attachment":[{"href":"https:\/\/agora.xtec.cat\/ceipelsametllers\/wp-json\/wp\/v2\/media?parent=2934"}],"wp:term":[{"taxonomy":"category","embeddable":true,"href":"https:\/\/agora.xtec.cat\/ceipelsametllers\/wp-json\/wp\/v2\/categories?post=2934"},{"taxonomy":"post_tag","embeddable":true,"href":"https:\/\/agora.xtec.cat\/ceipelsametllers\/wp-json\/wp\/v2\/tags?post=2934"}],"curies":[{"name":"wp","href":"https:\/\/api.w.org\/{rel}","templated":true}]}}