{"id":2928,"date":"2021-04-23T16:23:10","date_gmt":"2021-04-23T14:23:10","guid":{"rendered":"http:\/\/agora.xtec.cat\/ceipelsametllers\/?p=2928"},"modified":"2021-04-23T16:23:10","modified_gmt":"2021-04-23T14:23:10","slug":"lliurament-premis-v-certamen-literari-eusebi-mercader","status":"publish","type":"post","link":"https:\/\/agora.xtec.cat\/ceipelsametllers\/infantil\/lliurament-premis-v-certamen-literari-eusebi-mercader\/","title":{"rendered":"Lliurament premis V Certamen Literari Eusebi Mercader"},"content":{"rendered":"<p style=\"text-align: center;\"><strong>SANT JORDI 2021<\/strong><\/p>\n<p>Com cada curs, aquest any tamb\u00e9 hem celebrat el Certamen literari Eusebi Mercader. La Regidoria d\u2019Ensenyament ha convocat la cinquena edici\u00f3 adre\u00e7ada als nens i les nenes de l\u2019escola Els Ametllers.<\/p>\n<p>Els infants d\u2019Educaci\u00f3 Infantil han participant fent un dibuix relacionat amb la tem\u00e0tica de Sant Jordi.<\/p>\n<p>Els alumnes d\u2019Educaci\u00f3 Prim\u00e0ria han realitzat un escrit individual de tem\u00e0tica lliure per\u00f2 fent esment La Pobla de Montorn\u00e8s.<\/p>\n<p><a href=\"https:\/\/agora.xtec.cat\/ceipelsametllers\/wp-content\/uploads\/usu1019\/2021\/04\/Ei.jpeg\"><img loading=\"lazy\" decoding=\"async\" class=\"size-large wp-image-2925 aligncenter\" src=\"https:\/\/agora.xtec.cat\/ceipelsametllers\/wp-content\/uploads\/usu1019\/2021\/04\/Ei-768x1024.jpeg\" alt=\"\" width=\"768\" height=\"1024\" srcset=\"https:\/\/agora.xtec.cat\/ceipelsametllers\/wp-content\/uploads\/usu1019\/2021\/04\/Ei-768x1024.jpeg 768w, https:\/\/agora.xtec.cat\/ceipelsametllers\/wp-content\/uploads\/usu1019\/2021\/04\/Ei-225x300.jpeg 225w, https:\/\/agora.xtec.cat\/ceipelsametllers\/wp-content\/uploads\/usu1019\/2021\/04\/Ei.jpeg 1200w\" sizes=\"auto, (max-width: 768px) 100vw, 768px\" \/><\/a> <a href=\"https:\/\/agora.xtec.cat\/ceipelsametllers\/wp-content\/uploads\/usu1019\/2021\/04\/EP.jpeg\"><img loading=\"lazy\" decoding=\"async\" class=\"size-large wp-image-2924 aligncenter\" src=\"https:\/\/agora.xtec.cat\/ceipelsametllers\/wp-content\/uploads\/usu1019\/2021\/04\/EP-1024x768.jpeg\" alt=\"\" width=\"1024\" height=\"768\" srcset=\"https:\/\/agora.xtec.cat\/ceipelsametllers\/wp-content\/uploads\/usu1019\/2021\/04\/EP-1024x768.jpeg 1024w, https:\/\/agora.xtec.cat\/ceipelsametllers\/wp-content\/uploads\/usu1019\/2021\/04\/EP-300x225.jpeg 300w, https:\/\/agora.xtec.cat\/ceipelsametllers\/wp-content\/uploads\/usu1019\/2021\/04\/EP-768x576.jpeg 768w, https:\/\/agora.xtec.cat\/ceipelsametllers\/wp-content\/uploads\/usu1019\/2021\/04\/EP-200x150.jpeg 200w, https:\/\/agora.xtec.cat\/ceipelsametllers\/wp-content\/uploads\/usu1019\/2021\/04\/EP.jpeg 2048w\" sizes=\"auto, (max-width: 1024px) 100vw, 1024px\" \/><\/a><\/p>\n<p>Lliurament dels premis atorgats en el V Certamen literari Eusebi Mercader.<\/p>\n","protected":false},"excerpt":{"rendered":"<p>SANT JORDI 2021<br \/>\nCom cada curs, aquest any tamb\u00e9 hem celebrat el Certamen literari Eusebi Mercader. La Regidoria d\u2019Ensenyament ha convocat la cinquena edici\u00f3 adre\u00e7ada als nens i les nenes de l\u2019escola Els Ametllers.<br \/>\nEls infants d\u2019Educaci\u00f3 Infantil han participant fent un dibuix relacionat amb la tem\u00e0tica&hellip;  <a href=\"https:\/\/agora.xtec.cat\/ceipelsametllers\/infantil\/lliurament-premis-v-certamen-literari-eusebi-mercader\/\" title=\"Read Lliurament premis V Certamen Literari Eusebi Mercader\">Llegeix m\u00e9s\u00bb<\/a><\/p>\n","protected":false},"author":1,"featured_media":2624,"comment_status":"open","ping_status":"closed","sticky":false,"template":"","format":"standard","meta":{"_bbp_topic_count":0,"_bbp_reply_count":0,"_bbp_total_topic_count":0,"_bbp_total_reply_count":0,"_bbp_voice_count":0,"_bbp_anonymous_reply_count":0,"_bbp_topic_count_hidden":0,"_bbp_reply_count_hidden":0,"_bbp_forum_subforum_count":0,"footnotes":""},"categories":[37,36,2,4,5],"tags":[],"class_list":["post-2928","post","type-post","status-publish","format-standard","has-post-thumbnail","hentry","category-escola","category-festes","category-infantil","category-portada","category-primaria"],"post_mailing_queue_ids":[],"_links":{"self":[{"href":"https:\/\/agora.xtec.cat\/ceipelsametllers\/wp-json\/wp\/v2\/posts\/2928","targetHints":{"allow":["GET"]}}],"collection":[{"href":"https:\/\/agora.xtec.cat\/ceipelsametllers\/wp-json\/wp\/v2\/posts"}],"about":[{"href":"https:\/\/agora.xtec.cat\/ceipelsametllers\/wp-json\/wp\/v2\/types\/post"}],"author":[{"embeddable":true,"href":"https:\/\/agora.xtec.cat\/ceipelsametllers\/wp-json\/wp\/v2\/users\/1"}],"replies":[{"embeddable":true,"href":"https:\/\/agora.xtec.cat\/ceipelsametllers\/wp-json\/wp\/v2\/comments?post=2928"}],"version-history":[{"count":1,"href":"https:\/\/agora.xtec.cat\/ceipelsametllers\/wp-json\/wp\/v2\/posts\/2928\/revisions"}],"predecessor-version":[{"id":2929,"href":"https:\/\/agora.xtec.cat\/ceipelsametllers\/wp-json\/wp\/v2\/posts\/2928\/revisions\/2929"}],"wp:featuredmedia":[{"embeddable":true,"href":"https:\/\/agora.xtec.cat\/ceipelsametllers\/wp-json\/wp\/v2\/media\/2624"}],"wp:attachment":[{"href":"https:\/\/agora.xtec.cat\/ceipelsametllers\/wp-json\/wp\/v2\/media?parent=2928"}],"wp:term":[{"taxonomy":"category","embeddable":true,"href":"https:\/\/agora.xtec.cat\/ceipelsametllers\/wp-json\/wp\/v2\/categories?post=2928"},{"taxonomy":"post_tag","embeddable":true,"href":"https:\/\/agora.xtec.cat\/ceipelsametllers\/wp-json\/wp\/v2\/tags?post=2928"}],"curies":[{"name":"wp","href":"https:\/\/api.w.org\/{rel}","templated":true}]}}