{"id":2587,"date":"2021-03-04T14:25:54","date_gmt":"2021-03-04T13:25:54","guid":{"rendered":"http:\/\/agora.xtec.cat\/ceipelsametllers\/?p=2587"},"modified":"2021-03-10T10:26:40","modified_gmt":"2021-03-10T09:26:40","slug":"impressores-3d","status":"publish","type":"post","link":"https:\/\/agora.xtec.cat\/ceipelsametllers\/general\/impressores-3d\/","title":{"rendered":"Impressores 3D"},"content":{"rendered":"<p>Aquest curs, el tema de la Setmana Cultural ha girat al voltant del &#8220;C\u00f2mic&#8221;. Durant aquesta setmana vam poder veure com funcionen les impressores 3D. A m\u00e9s de l&#8217;explicaci\u00f3, tamb\u00e9 vam poder fer preguntes sobre el seu funcionament.<\/p>\n<p style=\"text-align: center;\"><a href=\"https:\/\/agora.xtec.cat\/ceipelsametllers\/wp-content\/uploads\/usu1019\/2021\/03\/1614861434289.jpg\"><img loading=\"lazy\" decoding=\"async\" class=\"alignnone wp-image-2588\" src=\"https:\/\/agora.xtec.cat\/ceipelsametllers\/wp-content\/uploads\/usu1019\/2021\/03\/1614861434289-1024x766.jpg\" alt=\"\" width=\"226\" height=\"169\" srcset=\"https:\/\/agora.xtec.cat\/ceipelsametllers\/wp-content\/uploads\/usu1019\/2021\/03\/1614861434289.jpg 1024w, https:\/\/agora.xtec.cat\/ceipelsametllers\/wp-content\/uploads\/usu1019\/2021\/03\/1614861434289-300x224.jpg 300w, https:\/\/agora.xtec.cat\/ceipelsametllers\/wp-content\/uploads\/usu1019\/2021\/03\/1614861434289-768x575.jpg 768w, https:\/\/agora.xtec.cat\/ceipelsametllers\/wp-content\/uploads\/usu1019\/2021\/03\/1614861434289-200x150.jpg 200w\" sizes=\"auto, (max-width: 226px) 100vw, 226px\" \/>\u00a0\u00a0 <\/a><a href=\"https:\/\/agora.xtec.cat\/ceipelsametllers\/wp-content\/uploads\/usu1019\/2021\/03\/1614861434278.jpg\"><img loading=\"lazy\" decoding=\"async\" class=\"alignnone wp-image-2589\" src=\"https:\/\/agora.xtec.cat\/ceipelsametllers\/wp-content\/uploads\/usu1019\/2021\/03\/1614861434278-1024x766.jpg\" alt=\"\" width=\"224\" height=\"167\" srcset=\"https:\/\/agora.xtec.cat\/ceipelsametllers\/wp-content\/uploads\/usu1019\/2021\/03\/1614861434278.jpg 1024w, https:\/\/agora.xtec.cat\/ceipelsametllers\/wp-content\/uploads\/usu1019\/2021\/03\/1614861434278-300x224.jpg 300w, https:\/\/agora.xtec.cat\/ceipelsametllers\/wp-content\/uploads\/usu1019\/2021\/03\/1614861434278-768x575.jpg 768w, https:\/\/agora.xtec.cat\/ceipelsametllers\/wp-content\/uploads\/usu1019\/2021\/03\/1614861434278-200x150.jpg 200w\" sizes=\"auto, (max-width: 224px) 100vw, 224px\" \/><\/a><\/p>\n<p>B\u00e0sicament, una\u00a0<b>impressora 3D<\/b>\u00a0\u00e9s una m\u00e0quina que serveix per produir representacions\u00a0<a class=\"mw-redirect\" title=\"3D\" href=\"https:\/\/ca.wikipedia.org\/wiki\/3D\">3D<\/a> f\u00edsiques de models creats per ordinador. Amb les impressores vam fer un petit detall per cada alumne i alumna de l&#8217;escola i tamb\u00e9 estem imprimint una figura per cada classe. Aqu\u00ed us deixem les r\u00e8pliques que hem fet fins ara.<\/p>\n<p style=\"text-align: center;\"><\/p>\n","protected":false},"excerpt":{"rendered":"<p>Aquest curs, el tema de la Setmana Cultural ha girat al voltant del &#8220;C\u00f2mic&#8221;. Durant aquesta setmana vam poder veure com funcionen les impressores 3D. A m\u00e9s de l&#8217;explicaci\u00f3, tamb\u00e9 vam poder fer preguntes sobre el seu funcionament.<br \/>\n<a href=\"https:\/\/agora.xtec.cat\/ceipelsametllers\/wp-content\/uploads\/usu1019\/2021\/03\/1614861434289.jpg\">\u00a0\u00a0 <\/a><a href=\"https:\/\/agora.xtec.cat\/ceipelsametllers\/wp-content\/uploads\/usu1019\/2021\/03\/1614861434278.jpg\"><\/a><br \/>\nB\u00e0sicament, una\u00a0impressora 3D\u00a0\u00e9s una m\u00e0quina&hellip;  <a href=\"https:\/\/agora.xtec.cat\/ceipelsametllers\/general\/impressores-3d\/\" title=\"Read Impressores 3D\">Llegeix m\u00e9s\u00bb<\/a><\/p>\n","protected":false},"author":1,"featured_media":2580,"comment_status":"open","ping_status":"closed","sticky":false,"template":"","format":"standard","meta":{"_bbp_topic_count":0,"_bbp_reply_count":0,"_bbp_total_topic_count":0,"_bbp_total_reply_count":0,"_bbp_voice_count":0,"_bbp_anonymous_reply_count":0,"_bbp_topic_count_hidden":0,"_bbp_reply_count_hidden":0,"_bbp_forum_subforum_count":0,"footnotes":""},"categories":[1,4,5],"tags":[],"class_list":["post-2587","post","type-post","status-publish","format-standard","has-post-thumbnail","hentry","category-general","category-portada","category-primaria"],"post_mailing_queue_ids":[],"_links":{"self":[{"href":"https:\/\/agora.xtec.cat\/ceipelsametllers\/wp-json\/wp\/v2\/posts\/2587","targetHints":{"allow":["GET"]}}],"collection":[{"href":"https:\/\/agora.xtec.cat\/ceipelsametllers\/wp-json\/wp\/v2\/posts"}],"about":[{"href":"https:\/\/agora.xtec.cat\/ceipelsametllers\/wp-json\/wp\/v2\/types\/post"}],"author":[{"embeddable":true,"href":"https:\/\/agora.xtec.cat\/ceipelsametllers\/wp-json\/wp\/v2\/users\/1"}],"replies":[{"embeddable":true,"href":"https:\/\/agora.xtec.cat\/ceipelsametllers\/wp-json\/wp\/v2\/comments?post=2587"}],"version-history":[{"count":3,"href":"https:\/\/agora.xtec.cat\/ceipelsametllers\/wp-json\/wp\/v2\/posts\/2587\/revisions"}],"predecessor-version":[{"id":2595,"href":"https:\/\/agora.xtec.cat\/ceipelsametllers\/wp-json\/wp\/v2\/posts\/2587\/revisions\/2595"}],"wp:featuredmedia":[{"embeddable":true,"href":"https:\/\/agora.xtec.cat\/ceipelsametllers\/wp-json\/wp\/v2\/media\/2580"}],"wp:attachment":[{"href":"https:\/\/agora.xtec.cat\/ceipelsametllers\/wp-json\/wp\/v2\/media?parent=2587"}],"wp:term":[{"taxonomy":"category","embeddable":true,"href":"https:\/\/agora.xtec.cat\/ceipelsametllers\/wp-json\/wp\/v2\/categories?post=2587"},{"taxonomy":"post_tag","embeddable":true,"href":"https:\/\/agora.xtec.cat\/ceipelsametllers\/wp-json\/wp\/v2\/tags?post=2587"}],"curies":[{"name":"wp","href":"https:\/\/api.w.org\/{rel}","templated":true}]}}