{"id":2310,"date":"2020-06-04T20:30:44","date_gmt":"2020-06-04T18:30:44","guid":{"rendered":"http:\/\/agora.xtec.cat\/ceipelsametllers\/?p=2310"},"modified":"2020-06-06T14:30:33","modified_gmt":"2020-06-06T12:30:33","slug":"diada-del-medi-ambient","status":"publish","type":"post","link":"https:\/\/agora.xtec.cat\/ceipelsametllers\/general\/diada-del-medi-ambient\/","title":{"rendered":"Diada del medi ambient"},"content":{"rendered":"<p>Coincidint amb la diada del medi ambient, el dia 5 de juny es proposa fer sentir les veus de tothom cantant<br \/>\nNo Ens Desdibuixeu de la campanya DONA LA NOTA, encara hi som a temps.<br \/>\nAquest \u00e9s el nostre recull de creacions art\u00edstiques sobre la can\u00e7\u00f3. Esperem que us agradi!<\/p>\n<p><iframe loading=\"lazy\" title=\"No ens desdibuixeu 05 06 2020\" width=\"500\" height=\"281\" src=\"https:\/\/www.youtube.com\/embed\/_xFwDp2pquE?feature=oembed\" frameborder=\"0\" allow=\"accelerometer; autoplay; clipboard-write; encrypted-media; gyroscope; picture-in-picture; web-share\" referrerpolicy=\"strict-origin-when-cross-origin\" allowfullscreen><\/iframe><\/p>\n","protected":false},"excerpt":{"rendered":"<p>Coincidint amb la diada del medi ambient, el dia 5 de juny es proposa fer sentir les veus de tothom cantant<br \/>\nNo Ens Desdibuixeu de la campanya DONA LA NOTA, encara hi som a temps.<br \/>\nAquest \u00e9s el nostre recull de creacions art\u00edstiques sobre la can\u00e7\u00f3. Esperem&hellip;  <a href=\"https:\/\/agora.xtec.cat\/ceipelsametllers\/general\/diada-del-medi-ambient\/\" title=\"Read Diada del medi ambient\">Llegeix m\u00e9s\u00bb<\/a><\/p>\n","protected":false},"author":1,"featured_media":2312,"comment_status":"open","ping_status":"closed","sticky":false,"template":"","format":"standard","meta":{"_bbp_topic_count":0,"_bbp_reply_count":0,"_bbp_total_topic_count":0,"_bbp_total_reply_count":0,"_bbp_voice_count":0,"_bbp_anonymous_reply_count":0,"_bbp_topic_count_hidden":0,"_bbp_reply_count_hidden":0,"_bbp_forum_subforum_count":0,"footnotes":""},"categories":[37,1,4,5],"tags":[],"class_list":["post-2310","post","type-post","status-publish","format-standard","has-post-thumbnail","hentry","category-escola","category-general","category-portada","category-primaria"],"post_mailing_queue_ids":[],"_links":{"self":[{"href":"https:\/\/agora.xtec.cat\/ceipelsametllers\/wp-json\/wp\/v2\/posts\/2310","targetHints":{"allow":["GET"]}}],"collection":[{"href":"https:\/\/agora.xtec.cat\/ceipelsametllers\/wp-json\/wp\/v2\/posts"}],"about":[{"href":"https:\/\/agora.xtec.cat\/ceipelsametllers\/wp-json\/wp\/v2\/types\/post"}],"author":[{"embeddable":true,"href":"https:\/\/agora.xtec.cat\/ceipelsametllers\/wp-json\/wp\/v2\/users\/1"}],"replies":[{"embeddable":true,"href":"https:\/\/agora.xtec.cat\/ceipelsametllers\/wp-json\/wp\/v2\/comments?post=2310"}],"version-history":[{"count":4,"href":"https:\/\/agora.xtec.cat\/ceipelsametllers\/wp-json\/wp\/v2\/posts\/2310\/revisions"}],"predecessor-version":[{"id":2316,"href":"https:\/\/agora.xtec.cat\/ceipelsametllers\/wp-json\/wp\/v2\/posts\/2310\/revisions\/2316"}],"wp:featuredmedia":[{"embeddable":true,"href":"https:\/\/agora.xtec.cat\/ceipelsametllers\/wp-json\/wp\/v2\/media\/2312"}],"wp:attachment":[{"href":"https:\/\/agora.xtec.cat\/ceipelsametllers\/wp-json\/wp\/v2\/media?parent=2310"}],"wp:term":[{"taxonomy":"category","embeddable":true,"href":"https:\/\/agora.xtec.cat\/ceipelsametllers\/wp-json\/wp\/v2\/categories?post=2310"},{"taxonomy":"post_tag","embeddable":true,"href":"https:\/\/agora.xtec.cat\/ceipelsametllers\/wp-json\/wp\/v2\/tags?post=2310"}],"curies":[{"name":"wp","href":"https:\/\/api.w.org\/{rel}","templated":true}]}}