{"id":1867,"date":"2019-05-15T13:28:09","date_gmt":"2019-05-15T11:28:09","guid":{"rendered":"http:\/\/agora.xtec.cat\/ceipelsametllers\/?p=1867"},"modified":"2019-05-15T13:55:55","modified_gmt":"2019-05-15T11:55:55","slug":"10e-aniversari-de-lescola","status":"publish","type":"post","link":"https:\/\/agora.xtec.cat\/ceipelsametllers\/general\/10e-aniversari-de-lescola\/","title":{"rendered":"10\u00e8 aniversari de l&#8217;escola"},"content":{"rendered":"<p>Dissabte, 18 de maig, es celebrar\u00e0 el des\u00e8 aniversari de la nostra escola. Aqu\u00ed us deixem el programa de les activitats que es duran a terme i un v\u00eddeo que recull algunes imatges sobre la construcci\u00f3, la inauguraci\u00f3 i el trasllat des de l\u2019antiga escola a l\u2019actual.<\/p>\n<p><iframe loading=\"lazy\" title=\"Escola Els Ametllers - La Pobla de Montorn\u00e8s 2008-2009\" width=\"500\" height=\"375\" src=\"https:\/\/www.youtube.com\/embed\/digWEHUGS4Y?feature=oembed\" frameborder=\"0\" allow=\"accelerometer; autoplay; clipboard-write; encrypted-media; gyroscope; picture-in-picture; web-share\" referrerpolicy=\"strict-origin-when-cross-origin\" allowfullscreen><\/iframe><\/p>\n<p><strong><a href=\"https:\/\/agora.xtec.cat\/ceipelsametllers\/wp-content\/uploads\/usu1019\/2019\/05\/Escola-Els-Ametllers-La-Pobla-de-Montorn\u00e8s-10\u00e8-aniversari.png\" target=\"_blank\" rel=\"noopener noreferrer\"><img loading=\"lazy\" decoding=\"async\" class=\"alignleft wp-image-1874 size-medium\" src=\"https:\/\/agora.xtec.cat\/ceipelsametllers\/wp-content\/uploads\/usu1019\/2019\/05\/Escola-Els-Ametllers-La-Pobla-de-Montorn\u00e8s-10\u00e8-aniversari-212x300.png\" alt=\"\" width=\"212\" height=\"300\" srcset=\"https:\/\/agora.xtec.cat\/ceipelsametllers\/wp-content\/uploads\/usu1019\/2019\/05\/Escola-Els-Ametllers-La-Pobla-de-Montorn\u00e8s-10\u00e8-aniversari-212x300.png 212w, https:\/\/agora.xtec.cat\/ceipelsametllers\/wp-content\/uploads\/usu1019\/2019\/05\/Escola-Els-Ametllers-La-Pobla-de-Montorn\u00e8s-10\u00e8-aniversari-768x1087.png 768w, https:\/\/agora.xtec.cat\/ceipelsametllers\/wp-content\/uploads\/usu1019\/2019\/05\/Escola-Els-Ametllers-La-Pobla-de-Montorn\u00e8s-10\u00e8-aniversari-724x1024.png 724w, https:\/\/agora.xtec.cat\/ceipelsametllers\/wp-content\/uploads\/usu1019\/2019\/05\/Escola-Els-Ametllers-La-Pobla-de-Montorn\u00e8s-10\u00e8-aniversari.png 1413w\" sizes=\"auto, (max-width: 212px) 100vw, 212px\" \/><\/a>PROGRAMA DE L&#8217;ESDEVENIMENT<\/strong><\/p>\n<p>Dissabte 18 de maig de 2019<\/p>\n<p><strong>10:00<\/strong> Portes obertes de b\u00e0squet.<\/p>\n<p><strong>10:45<\/strong> Exhibici\u00f3 de l&#8217;extraescolar de ball.<\/p>\n<p><strong>11:15<\/strong> Exhibici\u00f3 de l&#8217;extraescolar de karate.<\/p>\n<p><strong>12:00<\/strong> Can\u00e7ons a c\u00e0rrec dels nens i nenes de l&#8217;extraescolar d&#8217;angl\u00e8s.<\/p>\n<p><strong>12:15<\/strong> Exhibici\u00f3 de l&#8217;extraescolar de tennis.<\/p>\n<p><strong>13:00<\/strong> Portes obertes de Biketrial Costa Daurada Torredembarra. Qui vulgui provar l&#8217;activitat haur\u00e0 de portar la bici i casc.<\/p>\n<p>*Durant el mat\u00ed es donar\u00e0 esmorzar als nens i nenes que participin a les exhibicions i portes obertes.<\/p>\n<p><strong>14:00<\/strong> Dinar popular obert a tot el p\u00fablic. L&#8217;entrada ser\u00e0 reservada a tothom que tingui tiquet. Es pot comprar fins al dia 15 de maig al Forn Virgili, a l&#8217;Estanc de la Pobla i a l&#8217;AMPA.<\/p>\n<p>Men\u00fa infantil 5\u20ac (macarrons, pollastre arrebossat, aigua i postre).<\/p>\n<p>Men\u00fa adult 8\u20ac (amanida, fideu\u00e0, aigua, vi, gasosa i postre).<\/p>\n<p>&#8211; Si hi ha alg\u00fa que pateix alguna intoler\u00e0ncia o al\u00b7l\u00e8rgia que avisi amb antelaci\u00f3 al correu de l&#8217;AMPA ampaametllers@gmail.com<\/p>\n<p><strong>16:00<\/strong> a <strong>17:00<\/strong> Animaci\u00f3 per a tothom, jocs i can\u00e7ons.<\/p>\n<p>*Per la tarda es repartir\u00e0 un regal per a tots els nens i nenes de l&#8217;escola.<br \/>\nTots els menors han d&#8217;anar acompanyats d&#8217;un adult.<br \/>\nL&#8217;organitzaci\u00f3 declina qualsevol responsabilitat sobre els menors no acompanyats per un adult.<\/p>\n","protected":false},"excerpt":{"rendered":"<p>Dissabte, 18 de maig, es celebrar\u00e0 el des\u00e8 aniversari de la nostra escola. Aqu\u00ed us deixem el programa de les activitats que es duran a terme i un v\u00eddeo que recull algunes imatges sobre la construcci\u00f3, la inauguraci\u00f3 i el trasllat des de l\u2019antiga escola&hellip;  <a href=\"https:\/\/agora.xtec.cat\/ceipelsametllers\/general\/10e-aniversari-de-lescola\/\" title=\"Read 10\u00e8 aniversari de l&#8217;escola\">Llegeix m\u00e9s\u00bb<\/a><\/p>\n","protected":false},"author":3,"featured_media":0,"comment_status":"open","ping_status":"closed","sticky":false,"template":"","format":"standard","meta":{"_bbp_topic_count":0,"_bbp_reply_count":0,"_bbp_total_topic_count":0,"_bbp_total_reply_count":0,"_bbp_voice_count":0,"_bbp_anonymous_reply_count":0,"_bbp_topic_count_hidden":0,"_bbp_reply_count_hidden":0,"_bbp_forum_subforum_count":0,"footnotes":""},"categories":[37,1,4],"tags":[],"class_list":["post-1867","post","type-post","status-publish","format-standard","hentry","category-escola","category-general","category-portada"],"post_mailing_queue_ids":[],"_links":{"self":[{"href":"https:\/\/agora.xtec.cat\/ceipelsametllers\/wp-json\/wp\/v2\/posts\/1867","targetHints":{"allow":["GET"]}}],"collection":[{"href":"https:\/\/agora.xtec.cat\/ceipelsametllers\/wp-json\/wp\/v2\/posts"}],"about":[{"href":"https:\/\/agora.xtec.cat\/ceipelsametllers\/wp-json\/wp\/v2\/types\/post"}],"author":[{"embeddable":true,"href":"https:\/\/agora.xtec.cat\/ceipelsametllers\/wp-json\/wp\/v2\/users\/3"}],"replies":[{"embeddable":true,"href":"https:\/\/agora.xtec.cat\/ceipelsametllers\/wp-json\/wp\/v2\/comments?post=1867"}],"version-history":[{"count":4,"href":"https:\/\/agora.xtec.cat\/ceipelsametllers\/wp-json\/wp\/v2\/posts\/1867\/revisions"}],"predecessor-version":[{"id":1877,"href":"https:\/\/agora.xtec.cat\/ceipelsametllers\/wp-json\/wp\/v2\/posts\/1867\/revisions\/1877"}],"wp:attachment":[{"href":"https:\/\/agora.xtec.cat\/ceipelsametllers\/wp-json\/wp\/v2\/media?parent=1867"}],"wp:term":[{"taxonomy":"category","embeddable":true,"href":"https:\/\/agora.xtec.cat\/ceipelsametllers\/wp-json\/wp\/v2\/categories?post=1867"},{"taxonomy":"post_tag","embeddable":true,"href":"https:\/\/agora.xtec.cat\/ceipelsametllers\/wp-json\/wp\/v2\/tags?post=1867"}],"curies":[{"name":"wp","href":"https:\/\/api.w.org\/{rel}","templated":true}]}}