{"id":1696,"date":"2019-03-12T15:39:33","date_gmt":"2019-03-12T14:39:33","guid":{"rendered":"http:\/\/agora.xtec.cat\/ceipelsametllers\/?p=1696"},"modified":"2019-03-13T12:54:23","modified_gmt":"2019-03-13T11:54:23","slug":"sortida-en-bicicleta","status":"publish","type":"post","link":"https:\/\/agora.xtec.cat\/ceipelsametllers\/general\/sortida-en-bicicleta\/","title":{"rendered":"Sortida en bicicleta"},"content":{"rendered":"<p>Durant la setmana cultural els alumnes de 4t, 5\u00e8 i 6\u00e8 vam fer una sortida en bicicleta des de l\u2019escola, vam passar pel carrer Major, un cop arribats a la pla\u00e7a de l\u2019esgl\u00e9sia i gir\u00e0rem a la dreta fins a la pla\u00e7a de la bassa, all\u00e0 vam agafar el cam\u00ed de l\u2019ermita. Un cop all\u00e0 ens van fer una explicaci\u00f3 dels diferents espais de la zona, aix\u00ed com de l&#8217;estil de vida i costums de fa anys i vam poder visitar la masia on ens van explicar el sistema de recollida d\u2019aigua de pluja (cisterna) i a continuaci\u00f3 tingu\u00e9rem l&#8217;oportunitat de\u00a0 visitar els diferents espais on es representen les diferents escenes del pessebre vivent. Vam poder entrar a l\u2019interior de l\u2019Ermita i vam tocar la campana. Aprofit\u00e0rem per esmorzar al recinte de l\u2019ermita i despr\u00e9s vam sortir\u00a0 pel cam\u00ed de la Nou de Gai\u00e0 fins arribar al mas en Boada, all\u00e0 ens van realitzar l\u2019explicaci\u00f3 de la hist\u00f2ria d\u2019aquest mas.<\/p>\n<p>A continuaci\u00f3 vam seguir\u00a0 pel cam\u00ed en direcci\u00f3 a la Nou i passat el pont de la via, vam girar pel cam\u00ed de la dreta i despr\u00e9s ens vam dirigir a cal Marxant. All\u00e0 el Pol ens va fer una explicaci\u00f3 del projecte ecol\u00f2gic que porten a terme. Vam sortir pel mig de la finca per veure les gallines i els cavalls fins arribar al cam\u00ed de la Nou de Gai\u00e0 en direcci\u00f3 a la Pobla de Montorn\u00e8s. Un cop vam arribar al nucli urb\u00e0 vam pujar pel carrer Major i vam arribar a l\u2019escola.<\/p>\n<p><a href=\"https:\/\/agora.xtec.cat\/ceipelsametllers\/wp-content\/uploads\/usu1019\/2019\/03\/biciweb-1.jpg\"><img loading=\"lazy\" decoding=\"async\" class=\"size-large wp-image-1698\" src=\"https:\/\/agora.xtec.cat\/ceipelsametllers\/wp-content\/uploads\/usu1019\/2019\/03\/biciweb-1-1024x768.jpg\" alt=\"\" width=\"1024\" height=\"768\" srcset=\"https:\/\/agora.xtec.cat\/ceipelsametllers\/wp-content\/uploads\/usu1019\/2019\/03\/biciweb-1.jpg 1024w, https:\/\/agora.xtec.cat\/ceipelsametllers\/wp-content\/uploads\/usu1019\/2019\/03\/biciweb-1-300x225.jpg 300w, https:\/\/agora.xtec.cat\/ceipelsametllers\/wp-content\/uploads\/usu1019\/2019\/03\/biciweb-1-768x576.jpg 768w, https:\/\/agora.xtec.cat\/ceipelsametllers\/wp-content\/uploads\/usu1019\/2019\/03\/biciweb-1-200x150.jpg 200w\" sizes=\"auto, (max-width: 1024px) 100vw, 1024px\" \/><\/a><\/p>\n","protected":false},"excerpt":{"rendered":"<p>Durant la setmana cultural els alumnes de 4t, 5\u00e8 i 6\u00e8 vam fer una sortida en bicicleta des de l\u2019escola, vam passar pel carrer Major, un cop arribats a la pla\u00e7a de l\u2019esgl\u00e9sia i gir\u00e0rem a la dreta fins a la pla\u00e7a de la bassa,&hellip;  <a href=\"https:\/\/agora.xtec.cat\/ceipelsametllers\/general\/sortida-en-bicicleta\/\" title=\"Read Sortida en bicicleta\">Llegeix m\u00e9s\u00bb<\/a><\/p>\n","protected":false},"author":3,"featured_media":1697,"comment_status":"open","ping_status":"closed","sticky":false,"template":"","format":"standard","meta":{"_bbp_topic_count":0,"_bbp_reply_count":0,"_bbp_total_topic_count":0,"_bbp_total_reply_count":0,"_bbp_voice_count":0,"_bbp_anonymous_reply_count":0,"_bbp_topic_count_hidden":0,"_bbp_reply_count_hidden":0,"_bbp_forum_subforum_count":0,"footnotes":""},"categories":[1,4,38],"tags":[],"class_list":["post-1696","post","type-post","status-publish","format-standard","has-post-thumbnail","hentry","category-general","category-portada","category-setmana-cultural"],"post_mailing_queue_ids":[],"_links":{"self":[{"href":"https:\/\/agora.xtec.cat\/ceipelsametllers\/wp-json\/wp\/v2\/posts\/1696","targetHints":{"allow":["GET"]}}],"collection":[{"href":"https:\/\/agora.xtec.cat\/ceipelsametllers\/wp-json\/wp\/v2\/posts"}],"about":[{"href":"https:\/\/agora.xtec.cat\/ceipelsametllers\/wp-json\/wp\/v2\/types\/post"}],"author":[{"embeddable":true,"href":"https:\/\/agora.xtec.cat\/ceipelsametllers\/wp-json\/wp\/v2\/users\/3"}],"replies":[{"embeddable":true,"href":"https:\/\/agora.xtec.cat\/ceipelsametllers\/wp-json\/wp\/v2\/comments?post=1696"}],"version-history":[{"count":4,"href":"https:\/\/agora.xtec.cat\/ceipelsametllers\/wp-json\/wp\/v2\/posts\/1696\/revisions"}],"predecessor-version":[{"id":1705,"href":"https:\/\/agora.xtec.cat\/ceipelsametllers\/wp-json\/wp\/v2\/posts\/1696\/revisions\/1705"}],"wp:featuredmedia":[{"embeddable":true,"href":"https:\/\/agora.xtec.cat\/ceipelsametllers\/wp-json\/wp\/v2\/media\/1697"}],"wp:attachment":[{"href":"https:\/\/agora.xtec.cat\/ceipelsametllers\/wp-json\/wp\/v2\/media?parent=1696"}],"wp:term":[{"taxonomy":"category","embeddable":true,"href":"https:\/\/agora.xtec.cat\/ceipelsametllers\/wp-json\/wp\/v2\/categories?post=1696"},{"taxonomy":"post_tag","embeddable":true,"href":"https:\/\/agora.xtec.cat\/ceipelsametllers\/wp-json\/wp\/v2\/tags?post=1696"}],"curies":[{"name":"wp","href":"https:\/\/api.w.org\/{rel}","templated":true}]}}