{"id":1683,"date":"2019-03-12T13:55:47","date_gmt":"2019-03-12T12:55:47","guid":{"rendered":"http:\/\/agora.xtec.cat\/ceipelsametllers\/?p=1683"},"modified":"2019-03-12T14:02:53","modified_gmt":"2019-03-12T13:02:53","slug":"setmana-cultural-visita-a-lesglesia","status":"publish","type":"post","link":"https:\/\/agora.xtec.cat\/ceipelsametllers\/general\/setmana-cultural-visita-a-lesglesia\/","title":{"rendered":"Setmana cultural: visita a l&#8217;esgl\u00e9sia"},"content":{"rendered":"<p><a href=\"https:\/\/agora.xtec.cat\/ceipelsametllers\/wp-content\/uploads\/usu1019\/2019\/03\/Pobla-de-Montorn\u00e8s-2.jpg\"><img loading=\"lazy\" decoding=\"async\" class=\"alignleft wp-image-1685 size-thumbnail\" src=\"https:\/\/agora.xtec.cat\/ceipelsametllers\/wp-content\/uploads\/usu1019\/2019\/03\/Pobla-de-Montorn\u00e8s-2-150x150.jpg\" alt=\"\" width=\"150\" height=\"150\" \/><\/a>Durant la &#8216;Setmana cultural&#8217; de l&#8217;escola els cursos de primer, segon i tercer hem combinat els grups i en dues visites hem anat a veure l&#8217;esgl\u00e9sia de la Pobla de Montorn\u00e8s.<\/p>\n<p>L&#8217;esgl\u00e9sia parroquial \u00e9s dedicada a Santa Maria. Es va construir el 1575 gr\u00e0cies a les aportacions realitzades pels propis poblatans. El temple, de planta rectangular, \u00e9s d&#8217;estil g\u00f2tic decadent.<\/p>\n<p><a href=\"https:\/\/agora.xtec.cat\/ceipelsametllers\/wp-content\/uploads\/usu1019\/2019\/03\/Pobla-de-Montorn\u00e8s-1.jpg\"><img loading=\"lazy\" decoding=\"async\" class=\"alignleft wp-image-1684 size-thumbnail\" src=\"https:\/\/agora.xtec.cat\/ceipelsametllers\/wp-content\/uploads\/usu1019\/2019\/03\/Pobla-de-Montorn\u00e8s-1-150x150.jpg\" alt=\"\" width=\"150\" height=\"150\" \/><\/a>El campanar actual es va construir el 1778. La planta baixa \u00e9s quadrada mentre que la superior presenta una forma octogonal.<\/p>\n<p>Ens ha guiat per l&#8217;interior d&#8217;aquest edifici emblem\u00e0tic na Carme, instruint-nos en aquesta vessant de la cultura local.<\/p>\n<p>Tamb\u00e9 hem comptat amb la presentaci\u00f3 del campanar a c\u00e0rrec d&#8217;en Josep &#8216;Neuler&#8217;, que<a href=\"https:\/\/agora.xtec.cat\/ceipelsametllers\/wp-content\/uploads\/usu1019\/2019\/03\/Pobla-de-Montorn\u00e8s-3.jpg\"><img loading=\"lazy\" decoding=\"async\" class=\"alignleft wp-image-1687 size-thumbnail\" src=\"https:\/\/agora.xtec.cat\/ceipelsametllers\/wp-content\/uploads\/usu1019\/2019\/03\/Pobla-de-Montorn\u00e8s-3-150x150.jpg\" alt=\"\" width=\"150\" height=\"150\" \/><\/a> ens ha explicat el funcionament de les campanes.<\/p>\n<p>Finalment hem pintat el conjunt hist\u00f2ric amb aquarel\u00b7les mentre roman\u00edem a la pla\u00e7a de l&#8217;Esgl\u00e9sia.<\/p>\n<p>&nbsp;<\/p>\n<p>&nbsp;<\/p>\n","protected":false},"excerpt":{"rendered":"<p><a href=\"https:\/\/agora.xtec.cat\/ceipelsametllers\/wp-content\/uploads\/usu1019\/2019\/03\/Pobla-de-Montorn\u00e8s-2.jpg\"><\/a>Durant la &#8216;Setmana cultural&#8217; de l&#8217;escola els cursos de primer, segon i tercer hem combinat els grups i en dues visites hem anat a veure l&#8217;esgl\u00e9sia de la Pobla de Montorn\u00e8s.<br \/>\nL&#8217;esgl\u00e9sia parroquial \u00e9s dedicada a Santa Maria. Es va construir el 1575 gr\u00e0cies a&hellip;  <a href=\"https:\/\/agora.xtec.cat\/ceipelsametllers\/general\/setmana-cultural-visita-a-lesglesia\/\" title=\"Read Setmana cultural: visita a l&#8217;esgl\u00e9sia\">Llegeix m\u00e9s\u00bb<\/a><\/p>\n","protected":false},"author":3,"featured_media":1685,"comment_status":"open","ping_status":"closed","sticky":false,"template":"","format":"standard","meta":{"_bbp_topic_count":0,"_bbp_reply_count":0,"_bbp_total_topic_count":0,"_bbp_total_reply_count":0,"_bbp_voice_count":0,"_bbp_anonymous_reply_count":0,"_bbp_topic_count_hidden":0,"_bbp_reply_count_hidden":0,"_bbp_forum_subforum_count":0,"footnotes":""},"categories":[10,11,12,1,4,5,38],"tags":[],"class_list":["post-1683","post","type-post","status-publish","format-standard","has-post-thumbnail","hentry","category-1r","category-2n","category-3r","category-general","category-portada","category-primaria","category-setmana-cultural"],"post_mailing_queue_ids":[],"_links":{"self":[{"href":"https:\/\/agora.xtec.cat\/ceipelsametllers\/wp-json\/wp\/v2\/posts\/1683","targetHints":{"allow":["GET"]}}],"collection":[{"href":"https:\/\/agora.xtec.cat\/ceipelsametllers\/wp-json\/wp\/v2\/posts"}],"about":[{"href":"https:\/\/agora.xtec.cat\/ceipelsametllers\/wp-json\/wp\/v2\/types\/post"}],"author":[{"embeddable":true,"href":"https:\/\/agora.xtec.cat\/ceipelsametllers\/wp-json\/wp\/v2\/users\/3"}],"replies":[{"embeddable":true,"href":"https:\/\/agora.xtec.cat\/ceipelsametllers\/wp-json\/wp\/v2\/comments?post=1683"}],"version-history":[{"count":3,"href":"https:\/\/agora.xtec.cat\/ceipelsametllers\/wp-json\/wp\/v2\/posts\/1683\/revisions"}],"predecessor-version":[{"id":1690,"href":"https:\/\/agora.xtec.cat\/ceipelsametllers\/wp-json\/wp\/v2\/posts\/1683\/revisions\/1690"}],"wp:featuredmedia":[{"embeddable":true,"href":"https:\/\/agora.xtec.cat\/ceipelsametllers\/wp-json\/wp\/v2\/media\/1685"}],"wp:attachment":[{"href":"https:\/\/agora.xtec.cat\/ceipelsametllers\/wp-json\/wp\/v2\/media?parent=1683"}],"wp:term":[{"taxonomy":"category","embeddable":true,"href":"https:\/\/agora.xtec.cat\/ceipelsametllers\/wp-json\/wp\/v2\/categories?post=1683"},{"taxonomy":"post_tag","embeddable":true,"href":"https:\/\/agora.xtec.cat\/ceipelsametllers\/wp-json\/wp\/v2\/tags?post=1683"}],"curies":[{"name":"wp","href":"https:\/\/api.w.org\/{rel}","templated":true}]}}