{"id":1681,"date":"2019-03-13T13:59:25","date_gmt":"2019-03-13T12:59:25","guid":{"rendered":"http:\/\/agora.xtec.cat\/ceipelsametllers\/?p=1681"},"modified":"2019-03-13T13:59:25","modified_gmt":"2019-03-13T12:59:25","slug":"sortida-amb-bici-pel-terme-del-poble","status":"publish","type":"post","link":"https:\/\/agora.xtec.cat\/ceipelsametllers\/general\/sortida-amb-bici-pel-terme-del-poble\/","title":{"rendered":"Sortida amb bici pel terme del poble"},"content":{"rendered":"<p>Vam sortir amb bicicleta des de l\u2019escola, vam passar pel carrer Major fins a la pla\u00e7a de l\u2019esgl\u00e9sia i despr\u00e8s de girar a la dreta, a l&#8217;arribar a la pla\u00e7a de la bassa,\u00a0 agafem el cam\u00ed de l\u2019ermita. Un cop all\u00e0 se\u2019ns fa una explicaci\u00f3 dels diferents espais de la zona, aix\u00ed com de l\u2019estil de vida i costums de fa anys i visitem la masia on ens expliquen el sistema de recollida d\u2019aigua de pluja (cisterna) i a continuaci\u00f3 visitem els diferents espais on es representen les diferents escenes del pessebre vivent. Entrem a l\u2019interior de l\u2019Ermita i toquem la campana. Aprofitem per esmorzar al recinte de l\u2019Ermita i sortim\u00a0 pel cam\u00ed de la Nou de Gai\u00e0 fins arribar al mas en Boada i all\u00e0 es realitza l\u2019explicaci\u00f3 de la hist\u00f2ria d\u2019aquest mas.<\/p>\n<p>Continuem pel cam\u00ed en direcci\u00f3 a la Nou i passat el pont de la via agafem el cam\u00ed de la dreta i despr\u00e9s ens dirigim a cal Marxant. All\u00e0 el Pol ens fa una explicaci\u00f3 del projecte ecol\u00f2gic que porten a terme. Sortim pel mig de la finca per veure les gallines i els cavalls fins arribar al cam\u00ed de la Nou de Gai\u00e0 en direcci\u00f3 a la Pobla de Montorn\u00e8s. Un cop arribat al nucli urb\u00e0 pugem pel carrer Major i arribem a l\u2019escola.<\/p>\n","protected":false},"excerpt":{"rendered":"<p>Vam sortir amb bicicleta des de l\u2019escola, vam passar pel carrer Major fins a la pla\u00e7a de l\u2019esgl\u00e9sia i despr\u00e8s de girar a la dreta, a l&#8217;arribar a la pla\u00e7a de la bassa,\u00a0 agafem el cam\u00ed de l\u2019ermita. Un cop all\u00e0 se\u2019ns fa una explicaci\u00f3&hellip;  <a href=\"https:\/\/agora.xtec.cat\/ceipelsametllers\/general\/sortida-amb-bici-pel-terme-del-poble\/\" title=\"Read Sortida amb bici pel terme del poble\">Llegeix m\u00e9s\u00bb<\/a><\/p>\n","protected":false},"author":3,"featured_media":0,"comment_status":"open","ping_status":"closed","sticky":false,"template":"","format":"standard","meta":{"_bbp_topic_count":0,"_bbp_reply_count":0,"_bbp_total_topic_count":0,"_bbp_total_reply_count":0,"_bbp_voice_count":0,"_bbp_anonymous_reply_count":0,"_bbp_topic_count_hidden":0,"_bbp_reply_count_hidden":0,"_bbp_forum_subforum_count":0,"footnotes":""},"categories":[1],"tags":[],"class_list":["post-1681","post","type-post","status-publish","format-standard","hentry","category-general"],"post_mailing_queue_ids":[],"_links":{"self":[{"href":"https:\/\/agora.xtec.cat\/ceipelsametllers\/wp-json\/wp\/v2\/posts\/1681","targetHints":{"allow":["GET"]}}],"collection":[{"href":"https:\/\/agora.xtec.cat\/ceipelsametllers\/wp-json\/wp\/v2\/posts"}],"about":[{"href":"https:\/\/agora.xtec.cat\/ceipelsametllers\/wp-json\/wp\/v2\/types\/post"}],"author":[{"embeddable":true,"href":"https:\/\/agora.xtec.cat\/ceipelsametllers\/wp-json\/wp\/v2\/users\/3"}],"replies":[{"embeddable":true,"href":"https:\/\/agora.xtec.cat\/ceipelsametllers\/wp-json\/wp\/v2\/comments?post=1681"}],"version-history":[{"count":2,"href":"https:\/\/agora.xtec.cat\/ceipelsametllers\/wp-json\/wp\/v2\/posts\/1681\/revisions"}],"predecessor-version":[{"id":1724,"href":"https:\/\/agora.xtec.cat\/ceipelsametllers\/wp-json\/wp\/v2\/posts\/1681\/revisions\/1724"}],"wp:attachment":[{"href":"https:\/\/agora.xtec.cat\/ceipelsametllers\/wp-json\/wp\/v2\/media?parent=1681"}],"wp:term":[{"taxonomy":"category","embeddable":true,"href":"https:\/\/agora.xtec.cat\/ceipelsametllers\/wp-json\/wp\/v2\/categories?post=1681"},{"taxonomy":"post_tag","embeddable":true,"href":"https:\/\/agora.xtec.cat\/ceipelsametllers\/wp-json\/wp\/v2\/tags?post=1681"}],"curies":[{"name":"wp","href":"https:\/\/api.w.org\/{rel}","templated":true}]}}