{"id":1678,"date":"2019-03-12T15:20:08","date_gmt":"2019-03-12T14:20:08","guid":{"rendered":"http:\/\/agora.xtec.cat\/ceipelsametllers\/?p=1678"},"modified":"2019-03-13T13:55:56","modified_gmt":"2019-03-13T12:55:56","slug":"sortida-a-peu-pel-terme-del-poble","status":"publish","type":"post","link":"https:\/\/agora.xtec.cat\/ceipelsametllers\/general\/sortida-a-peu-pel-terme-del-poble\/","title":{"rendered":"Sortida a peu pel terme del poble"},"content":{"rendered":"<p><a href=\"https:\/\/agora.xtec.cat\/ceipelsametllers\/wp-content\/uploads\/usu1019\/2019\/03\/molaweb-.jpg\"><img loading=\"lazy\" decoding=\"async\" class=\"size-large wp-image-1691\" src=\"https:\/\/agora.xtec.cat\/ceipelsametllers\/wp-content\/uploads\/usu1019\/2019\/03\/molaweb--1024x768.jpg\" alt=\"\" width=\"1024\" height=\"768\" srcset=\"https:\/\/agora.xtec.cat\/ceipelsametllers\/wp-content\/uploads\/usu1019\/2019\/03\/molaweb-.jpg 1024w, https:\/\/agora.xtec.cat\/ceipelsametllers\/wp-content\/uploads\/usu1019\/2019\/03\/molaweb--300x225.jpg 300w, https:\/\/agora.xtec.cat\/ceipelsametllers\/wp-content\/uploads\/usu1019\/2019\/03\/molaweb--768x576.jpg 768w, https:\/\/agora.xtec.cat\/ceipelsametllers\/wp-content\/uploads\/usu1019\/2019\/03\/molaweb--200x150.jpg 200w\" sizes=\"auto, (max-width: 1024px) 100vw, 1024px\" \/><\/a><\/p>\n<p>Els alumnes de 4t, 5\u00e8 i 6\u00e8 durant la setmana cultural vam con\u00e8ixer diferents indrets del terme de la Pobla de Montorn\u00e8s. Un dia vam sortir de l\u2019escola a peu en direcci\u00f3 cap a la via del TGV. Despr\u00e9s vam girar a la dreta per un sender, que \u00e9s el GR-92 en una zona agr\u00edcola. Vam caminar fins a trobar el mas Gibert a la dreta, on ens vam aturar i vam fer una explicaci\u00f3. Despr\u00e9s vam girar cap a l&#8217;esquerra i es comen\u00e7a a agafar una mica d&#8217;al\u00e7ada. Poc despr\u00e9s, apareix una cru\u00eflla, on cal deixar la pista i girar a l&#8217;esquerra per un sender que t\u00e9 una petita obra al terra on hi ha escrit &#8220;la Mola&#8221;.<\/p>\n<p>A partir d&#8217;aqu\u00ed comencen les primeres barraques de pedra seca, una al costat del cam\u00ed i una altra amb zona de p\u00edcnic, on vam fer l\u2019esmorzar. El bosc s&#8217;acaba i el cam\u00ed comen\u00e7a a pujar bastant. Vam arribar a un primer cim amb una creu. El paisatge, en aquesta zona, ha canviat i ara \u00e9s un erm cremat. Vam continuar avan\u00e7ant fins a la Mola, on vam fer una parada, l&#8217;explicaci\u00f3 i una foto de grup. Tamb\u00e9 vam escriure un petit missatge a la llibreta per deixar const\u00e0ncia.<\/p>\n<p>Despr\u00e9s vam iniciar una baixada cap a la vall que hi ha a sota, i la vam seguir fins al mas de la Trunyella, on vam aprofitar per dinar en unes taules de fusta.<\/p>\n<p>Vam continuar per una vall agr\u00edcola, plena de vinyes fins que un r\u00e8tol indicador ens marca el retorn a la Pobla i vam arribar a la part alta de la urbanitzaci\u00f3 Castell de Montorn\u00e8s.<br \/>\nDespr\u00e9s vam anar fins al mas Soler situat a la urbanitzaci\u00f3 per fer l\u2019explicaci\u00f3 del mas, gaudir d\u2019un temps de lleure i poder reomplir aigua.<\/p>\n<p>Vam continuar per la urbanitzaci\u00f3 per agafar el cam\u00ed que porta a mas Mercader, on vam fer l\u2019explicaci\u00f3 del mas i vam passar per un petit t\u00fanel (refugi). Seguidament vam tornar pel cam\u00ed GR-92 cap a l\u2019escola.<\/p>\n<p>dav<a href=\"https:\/\/agora.xtec.cat\/ceipelsametllers\/wp-content\/uploads\/usu1019\/2019\/03\/molaweb-1.jpg\"><img loading=\"lazy\" decoding=\"async\" class=\"size-large wp-image-1692\" src=\"https:\/\/agora.xtec.cat\/ceipelsametllers\/wp-content\/uploads\/usu1019\/2019\/03\/molaweb-1-768x1024.jpg\" alt=\"\" width=\"768\" height=\"1024\" srcset=\"https:\/\/agora.xtec.cat\/ceipelsametllers\/wp-content\/uploads\/usu1019\/2019\/03\/molaweb-1.jpg 768w, https:\/\/agora.xtec.cat\/ceipelsametllers\/wp-content\/uploads\/usu1019\/2019\/03\/molaweb-1-225x300.jpg 225w\" sizes=\"auto, (max-width: 768px) 100vw, 768px\" \/><\/a><\/p>\n","protected":false},"excerpt":{"rendered":"<p><a href=\"https:\/\/agora.xtec.cat\/ceipelsametllers\/wp-content\/uploads\/usu1019\/2019\/03\/molaweb-.jpg\"><\/a><br \/>\nEls alumnes de 4t, 5\u00e8 i 6\u00e8 durant la setmana cultural vam con\u00e8ixer diferents indrets del terme de la Pobla de Montorn\u00e8s. Un dia vam sortir de l\u2019escola a peu en direcci\u00f3 cap a la via del TGV. Despr\u00e9s vam girar a la dreta&hellip;  <a href=\"https:\/\/agora.xtec.cat\/ceipelsametllers\/general\/sortida-a-peu-pel-terme-del-poble\/\" title=\"Read Sortida a peu pel terme del poble\">Llegeix m\u00e9s\u00bb<\/a><\/p>\n","protected":false},"author":3,"featured_media":1691,"comment_status":"open","ping_status":"closed","sticky":false,"template":"","format":"standard","meta":{"_bbp_topic_count":0,"_bbp_reply_count":0,"_bbp_total_topic_count":0,"_bbp_total_reply_count":0,"_bbp_voice_count":0,"_bbp_anonymous_reply_count":0,"_bbp_topic_count_hidden":0,"_bbp_reply_count_hidden":0,"_bbp_forum_subforum_count":0,"footnotes":""},"categories":[1,4,38],"tags":[],"class_list":["post-1678","post","type-post","status-publish","format-standard","has-post-thumbnail","hentry","category-general","category-portada","category-setmana-cultural"],"post_mailing_queue_ids":[],"_links":{"self":[{"href":"https:\/\/agora.xtec.cat\/ceipelsametllers\/wp-json\/wp\/v2\/posts\/1678","targetHints":{"allow":["GET"]}}],"collection":[{"href":"https:\/\/agora.xtec.cat\/ceipelsametllers\/wp-json\/wp\/v2\/posts"}],"about":[{"href":"https:\/\/agora.xtec.cat\/ceipelsametllers\/wp-json\/wp\/v2\/types\/post"}],"author":[{"embeddable":true,"href":"https:\/\/agora.xtec.cat\/ceipelsametllers\/wp-json\/wp\/v2\/users\/3"}],"replies":[{"embeddable":true,"href":"https:\/\/agora.xtec.cat\/ceipelsametllers\/wp-json\/wp\/v2\/comments?post=1678"}],"version-history":[{"count":4,"href":"https:\/\/agora.xtec.cat\/ceipelsametllers\/wp-json\/wp\/v2\/posts\/1678\/revisions"}],"predecessor-version":[{"id":1723,"href":"https:\/\/agora.xtec.cat\/ceipelsametllers\/wp-json\/wp\/v2\/posts\/1678\/revisions\/1723"}],"wp:featuredmedia":[{"embeddable":true,"href":"https:\/\/agora.xtec.cat\/ceipelsametllers\/wp-json\/wp\/v2\/media\/1691"}],"wp:attachment":[{"href":"https:\/\/agora.xtec.cat\/ceipelsametllers\/wp-json\/wp\/v2\/media?parent=1678"}],"wp:term":[{"taxonomy":"category","embeddable":true,"href":"https:\/\/agora.xtec.cat\/ceipelsametllers\/wp-json\/wp\/v2\/categories?post=1678"},{"taxonomy":"post_tag","embeddable":true,"href":"https:\/\/agora.xtec.cat\/ceipelsametllers\/wp-json\/wp\/v2\/tags?post=1678"}],"curies":[{"name":"wp","href":"https:\/\/api.w.org\/{rel}","templated":true}]}}