{"id":1618,"date":"2019-02-27T13:57:43","date_gmt":"2019-02-27T12:57:43","guid":{"rendered":"http:\/\/agora.xtec.cat\/ceipelsametllers\/?p=1618"},"modified":"2019-03-13T14:54:29","modified_gmt":"2019-03-13T13:54:29","slug":"per-la-setmana-cultural-visitem-rubials","status":"publish","type":"post","link":"https:\/\/agora.xtec.cat\/ceipelsametllers\/general\/per-la-setmana-cultural-visitem-rubials\/","title":{"rendered":"Per la Setmana Cultural visitem Rubials."},"content":{"rendered":"<p>Els alumnes de 4t, 5\u00e8 i 6\u00e8 fan un itinerari pel terme de La Pobla fins arribar a Rubials per con\u00e8ixer l&#8217;entorn proper.<\/p>\n<p>Us deixem algunes fotos de mostra.<\/p>\n<p><a href=\"https:\/\/agora.xtec.cat\/ceipelsametllers\/wp-content\/uploads\/usu1019\/2019\/02\/amb-Rubials-de-fons.jpg\"><img loading=\"lazy\" decoding=\"async\" class=\"size-large wp-image-1621\" src=\"https:\/\/agora.xtec.cat\/ceipelsametllers\/wp-content\/uploads\/usu1019\/2019\/02\/amb-Rubials-de-fons.jpg\" alt=\"\" width=\"200\" height=\"267\" \/><\/a><\/p>\n<p><a href=\"https:\/\/agora.xtec.cat\/ceipelsametllers\/wp-content\/uploads\/usu1019\/2019\/02\/Caminant.jpg\"><img loading=\"lazy\" decoding=\"async\" class=\"alignnone size-large wp-image-1622\" src=\"https:\/\/agora.xtec.cat\/ceipelsametllers\/wp-content\/uploads\/usu1019\/2019\/02\/Caminant.jpg\" alt=\"\" width=\"200\" height=\"267\" \/><\/a><\/p>\n<p><a href=\"https:\/\/agora.xtec.cat\/ceipelsametllers\/wp-content\/uploads\/usu1019\/2019\/02\/foto-grupal-1.jpg\"><img loading=\"lazy\" decoding=\"async\" class=\"size-large wp-image-1623\" src=\"https:\/\/agora.xtec.cat\/ceipelsametllers\/wp-content\/uploads\/usu1019\/2019\/02\/foto-grupal-1.jpg\" alt=\"\" width=\"267\" height=\"200\" srcset=\"https:\/\/agora.xtec.cat\/ceipelsametllers\/wp-content\/uploads\/usu1019\/2019\/02\/foto-grupal-1.jpg 267w, https:\/\/agora.xtec.cat\/ceipelsametllers\/wp-content\/uploads\/usu1019\/2019\/02\/foto-grupal-1-200x150.jpg 200w\" sizes=\"auto, (max-width: 267px) 100vw, 267px\" \/><\/a><\/p>\n<p><a href=\"https:\/\/agora.xtec.cat\/ceipelsametllers\/wp-content\/uploads\/usu1019\/2019\/02\/IMG_20190301_105610.jpg\"><img loading=\"lazy\" decoding=\"async\" class=\"alignnone size-full wp-image-1725\" src=\"https:\/\/agora.xtec.cat\/ceipelsametllers\/wp-content\/uploads\/usu1019\/2019\/02\/IMG_20190301_105610.jpg\" alt=\"\" width=\"200\" height=\"267\" \/><\/a><\/p>\n<p><a href=\"https:\/\/agora.xtec.cat\/ceipelsametllers\/wp-content\/uploads\/usu1019\/2019\/02\/IMG_20190301_105631.jpg\"><img loading=\"lazy\" decoding=\"async\" class=\"alignnone size-full wp-image-1726\" src=\"https:\/\/agora.xtec.cat\/ceipelsametllers\/wp-content\/uploads\/usu1019\/2019\/02\/IMG_20190301_105631.jpg\" alt=\"\" width=\"200\" height=\"267\" \/><\/a><\/p>\n<p><a href=\"https:\/\/agora.xtec.cat\/ceipelsametllers\/wp-content\/uploads\/usu1019\/2019\/02\/IMG_20190301_113627.jpg\"><img loading=\"lazy\" decoding=\"async\" class=\"alignnone size-full wp-image-1727\" src=\"https:\/\/agora.xtec.cat\/ceipelsametllers\/wp-content\/uploads\/usu1019\/2019\/02\/IMG_20190301_113627.jpg\" alt=\"\" width=\"267\" height=\"200\" srcset=\"https:\/\/agora.xtec.cat\/ceipelsametllers\/wp-content\/uploads\/usu1019\/2019\/02\/IMG_20190301_113627.jpg 267w, https:\/\/agora.xtec.cat\/ceipelsametllers\/wp-content\/uploads\/usu1019\/2019\/02\/IMG_20190301_113627-200x150.jpg 200w\" sizes=\"auto, (max-width: 267px) 100vw, 267px\" \/><\/a><\/p>\n","protected":false},"excerpt":{"rendered":"<p>Els alumnes de 4t, 5\u00e8 i 6\u00e8 fan un itinerari pel terme de La Pobla fins arribar a Rubials per con\u00e8ixer l&#8217;entorn proper.<br \/>\nUs deixem algunes fotos de mostra.<br \/>\n<a href=\"https:\/\/agora.xtec.cat\/ceipelsametllers\/wp-content\/uploads\/usu1019\/2019\/02\/amb-Rubials-de-fons.jpg\"><\/a><br \/>\n<a href=\"https:\/\/agora.xtec.cat\/ceipelsametllers\/wp-content\/uploads\/usu1019\/2019\/02\/Caminant.jpg\"><\/a><br \/>\n<a href=\"https:\/\/agora.xtec.cat\/ceipelsametllers\/wp-content\/uploads\/usu1019\/2019\/02\/foto-grupal-1.jpg\"><\/a><br \/>\n<a href=\"https:\/\/agora.xtec.cat\/ceipelsametllers\/wp-content\/uploads\/usu1019\/2019\/02\/IMG_20190301_105610.jpg\"><\/a><br \/>\n<a href=\"https:\/\/agora.xtec.cat\/ceipelsametllers\/wp-content\/uploads\/usu1019\/2019\/02\/IMG_20190301_105631.jpg\"><\/a><br \/>\n<a href=\"https:\/\/agora.xtec.cat\/ceipelsametllers\/wp-content\/uploads\/usu1019\/2019\/02\/IMG_20190301_113627.jpg\"><\/a><\/p>\n","protected":false},"author":3,"featured_media":1623,"comment_status":"open","ping_status":"closed","sticky":false,"template":"","format":"standard","meta":{"_bbp_topic_count":0,"_bbp_reply_count":0,"_bbp_total_topic_count":0,"_bbp_total_reply_count":0,"_bbp_voice_count":0,"_bbp_anonymous_reply_count":0,"_bbp_topic_count_hidden":0,"_bbp_reply_count_hidden":0,"_bbp_forum_subforum_count":0,"footnotes":""},"categories":[13,14,15,37,1,4,38],"tags":[],"class_list":["post-1618","post","type-post","status-publish","format-standard","has-post-thumbnail","hentry","category-4t","category-5e","category-6e","category-escola","category-general","category-portada","category-setmana-cultural"],"post_mailing_queue_ids":[],"_links":{"self":[{"href":"https:\/\/agora.xtec.cat\/ceipelsametllers\/wp-json\/wp\/v2\/posts\/1618","targetHints":{"allow":["GET"]}}],"collection":[{"href":"https:\/\/agora.xtec.cat\/ceipelsametllers\/wp-json\/wp\/v2\/posts"}],"about":[{"href":"https:\/\/agora.xtec.cat\/ceipelsametllers\/wp-json\/wp\/v2\/types\/post"}],"author":[{"embeddable":true,"href":"https:\/\/agora.xtec.cat\/ceipelsametllers\/wp-json\/wp\/v2\/users\/3"}],"replies":[{"embeddable":true,"href":"https:\/\/agora.xtec.cat\/ceipelsametllers\/wp-json\/wp\/v2\/comments?post=1618"}],"version-history":[{"count":2,"href":"https:\/\/agora.xtec.cat\/ceipelsametllers\/wp-json\/wp\/v2\/posts\/1618\/revisions"}],"predecessor-version":[{"id":1728,"href":"https:\/\/agora.xtec.cat\/ceipelsametllers\/wp-json\/wp\/v2\/posts\/1618\/revisions\/1728"}],"wp:featuredmedia":[{"embeddable":true,"href":"https:\/\/agora.xtec.cat\/ceipelsametllers\/wp-json\/wp\/v2\/media\/1623"}],"wp:attachment":[{"href":"https:\/\/agora.xtec.cat\/ceipelsametllers\/wp-json\/wp\/v2\/media?parent=1618"}],"wp:term":[{"taxonomy":"category","embeddable":true,"href":"https:\/\/agora.xtec.cat\/ceipelsametllers\/wp-json\/wp\/v2\/categories?post=1618"},{"taxonomy":"post_tag","embeddable":true,"href":"https:\/\/agora.xtec.cat\/ceipelsametllers\/wp-json\/wp\/v2\/tags?post=1618"}],"curies":[{"name":"wp","href":"https:\/\/api.w.org\/{rel}","templated":true}]}}