{"id":1593,"date":"2019-02-12T12:58:02","date_gmt":"2019-02-12T11:58:02","guid":{"rendered":"http:\/\/agora.xtec.cat\/ceipelsametllers\/?p=1593"},"modified":"2019-02-12T13:25:30","modified_gmt":"2019-02-12T12:25:30","slug":"escalfant-motors-per-la-setmana-cultural","status":"publish","type":"post","link":"https:\/\/agora.xtec.cat\/ceipelsametllers\/general\/escalfant-motors-per-la-setmana-cultural\/","title":{"rendered":"Escalfant motors per la Setmana cultural"},"content":{"rendered":"<p>Benvolguts pares i mares s&#8217;acosta la Setmana Cultural d&#8217;aquest curs. Com ja sabeu aquest any treballem la Pobla de Montorn\u00e8s i totes les activitats aniran relacionades a con\u00e8ixer millor el nostre poble i la seva hist\u00f2ria.<\/p>\n<p><a href=\"https:\/\/agora.xtec.cat\/ceipelsametllers\/wp-content\/uploads\/usu1019\/2019\/02\/la-Pobla-de-Montorn\u00e8s.jpg\"><img loading=\"lazy\" decoding=\"async\" class=\" wp-image-1594 aligncenter\" src=\"https:\/\/agora.xtec.cat\/ceipelsametllers\/wp-content\/uploads\/usu1019\/2019\/02\/la-Pobla-de-Montorn\u00e8s.jpg\" alt=\"\" width=\"517\" height=\"337\" srcset=\"https:\/\/agora.xtec.cat\/ceipelsametllers\/wp-content\/uploads\/usu1019\/2019\/02\/la-Pobla-de-Montorn\u00e8s.jpg 531w, https:\/\/agora.xtec.cat\/ceipelsametllers\/wp-content\/uploads\/usu1019\/2019\/02\/la-Pobla-de-Montorn\u00e8s-300x195.jpg 300w\" sizes=\"auto, (max-width: 517px) 100vw, 517px\" \/><\/a><\/p>\n<p>Us animem a que participeu a les activitats de la Setmana Cultural i pugueu gaudir amb els vostres fills i filles.<\/p>\n","protected":false},"excerpt":{"rendered":"<p>Benvolguts pares i mares s&#8217;acosta la Setmana Cultural d&#8217;aquest curs. Com ja sabeu aquest any treballem la Pobla de Montorn\u00e8s i totes les activitats aniran relacionades a con\u00e8ixer millor el nostre poble i la seva hist\u00f2ria.<br \/>\n<a href=\"https:\/\/agora.xtec.cat\/ceipelsametllers\/wp-content\/uploads\/usu1019\/2019\/02\/la-Pobla-de-Montorn\u00e8s.jpg\"><\/a><br \/>\nUs animem a que participeu a les activitats de&hellip;  <a href=\"https:\/\/agora.xtec.cat\/ceipelsametllers\/general\/escalfant-motors-per-la-setmana-cultural\/\" title=\"Read Escalfant motors per la Setmana cultural\">Llegeix m\u00e9s\u00bb<\/a><\/p>\n","protected":false},"author":1,"featured_media":1594,"comment_status":"open","ping_status":"closed","sticky":false,"template":"","format":"standard","meta":{"_bbp_topic_count":0,"_bbp_reply_count":0,"_bbp_total_topic_count":0,"_bbp_total_reply_count":0,"_bbp_voice_count":0,"_bbp_anonymous_reply_count":0,"_bbp_topic_count_hidden":0,"_bbp_reply_count_hidden":0,"_bbp_forum_subforum_count":0,"footnotes":""},"categories":[1,4],"tags":[],"class_list":["post-1593","post","type-post","status-publish","format-standard","has-post-thumbnail","hentry","category-general","category-portada"],"post_mailing_queue_ids":[],"_links":{"self":[{"href":"https:\/\/agora.xtec.cat\/ceipelsametllers\/wp-json\/wp\/v2\/posts\/1593","targetHints":{"allow":["GET"]}}],"collection":[{"href":"https:\/\/agora.xtec.cat\/ceipelsametllers\/wp-json\/wp\/v2\/posts"}],"about":[{"href":"https:\/\/agora.xtec.cat\/ceipelsametllers\/wp-json\/wp\/v2\/types\/post"}],"author":[{"embeddable":true,"href":"https:\/\/agora.xtec.cat\/ceipelsametllers\/wp-json\/wp\/v2\/users\/1"}],"replies":[{"embeddable":true,"href":"https:\/\/agora.xtec.cat\/ceipelsametllers\/wp-json\/wp\/v2\/comments?post=1593"}],"version-history":[{"count":1,"href":"https:\/\/agora.xtec.cat\/ceipelsametllers\/wp-json\/wp\/v2\/posts\/1593\/revisions"}],"predecessor-version":[{"id":1595,"href":"https:\/\/agora.xtec.cat\/ceipelsametllers\/wp-json\/wp\/v2\/posts\/1593\/revisions\/1595"}],"wp:featuredmedia":[{"embeddable":true,"href":"https:\/\/agora.xtec.cat\/ceipelsametllers\/wp-json\/wp\/v2\/media\/1594"}],"wp:attachment":[{"href":"https:\/\/agora.xtec.cat\/ceipelsametllers\/wp-json\/wp\/v2\/media?parent=1593"}],"wp:term":[{"taxonomy":"category","embeddable":true,"href":"https:\/\/agora.xtec.cat\/ceipelsametllers\/wp-json\/wp\/v2\/categories?post=1593"},{"taxonomy":"post_tag","embeddable":true,"href":"https:\/\/agora.xtec.cat\/ceipelsametllers\/wp-json\/wp\/v2\/tags?post=1593"}],"curies":[{"name":"wp","href":"https:\/\/api.w.org\/{rel}","templated":true}]}}