{"id":1590,"date":"2019-01-29T13:32:10","date_gmt":"2019-01-29T12:32:10","guid":{"rendered":"http:\/\/agora.xtec.cat\/ceipelsametllers\/?p=1590"},"modified":"2019-02-12T13:26:16","modified_gmt":"2019-02-12T12:26:16","slug":"felicitats-tintin","status":"publish","type":"post","link":"https:\/\/agora.xtec.cat\/ceipelsametllers\/general\/felicitats-tintin\/","title":{"rendered":"Felicitats Tint\u00edn"},"content":{"rendered":"<p>El dia 10 de gener Tint\u00edn va fer 90 anys. Va ser creat pel dibuixant\u00a0belga\u00a0Georges Remi, m\u00e9s conegut com a Herg\u00e9. T<span style=\"font-family: inherit; font-size: 1em;\">int\u00edn \u00e9s un personatge de ficci\u00f3 que protagonitza la s\u00e8rie de c\u00f2mics\u00a0<\/span><em style=\"font-family: inherit; font-size: 1em;\">Les aventures de Tint\u00edn<\/em><span style=\"font-family: inherit; font-size: 1em;\">. Aquestes aventures es van comen\u00e7ar a publicar per fascicles a la revista\u00a0<\/span><em style=\"font-family: inherit; font-size: 1em;\">Le Petit Vingti\u00e8me<\/em><span style=\"font-family: inherit; font-size: 1em;\">\u00a0l&#8217;any 1929.\u00a0<\/span>Des de l&#8217;escola us animem a llegir els c\u00f2mics de Tint\u00edn amb els vostres fills i filles.<\/p>\n<p><a href=\"https:\/\/agora.xtec.cat\/ceipelsametllers\/wp-content\/uploads\/usu1019\/2019\/01\/Tint\u00edn.png\"><img loading=\"lazy\" decoding=\"async\" class=\"size-full wp-image-1591 aligncenter\" src=\"https:\/\/agora.xtec.cat\/ceipelsametllers\/wp-content\/uploads\/usu1019\/2019\/01\/Tint\u00edn.png\" alt=\"\" width=\"142\" height=\"200\" \/><\/a><\/p>\n","protected":false},"excerpt":{"rendered":"<p>El dia 10 de gener Tint\u00edn va fer 90 anys. Va ser creat pel dibuixant\u00a0belga\u00a0Georges Remi, m\u00e9s conegut com a Herg\u00e9. Tint\u00edn \u00e9s un personatge de ficci\u00f3 que protagonitza la s\u00e8rie de c\u00f2mics\u00a0Les aventures de Tint\u00edn. Aquestes aventures es van comen\u00e7ar a publicar per fascicles&hellip;  <a href=\"https:\/\/agora.xtec.cat\/ceipelsametllers\/general\/felicitats-tintin\/\" title=\"Read Felicitats Tint\u00edn\">Llegeix m\u00e9s\u00bb<\/a><\/p>\n","protected":false},"author":1,"featured_media":1591,"comment_status":"open","ping_status":"closed","sticky":false,"template":"","format":"standard","meta":{"_bbp_topic_count":0,"_bbp_reply_count":0,"_bbp_total_topic_count":0,"_bbp_total_reply_count":0,"_bbp_voice_count":0,"_bbp_anonymous_reply_count":0,"_bbp_topic_count_hidden":0,"_bbp_reply_count_hidden":0,"_bbp_forum_subforum_count":0,"footnotes":""},"categories":[1,4],"tags":[],"class_list":["post-1590","post","type-post","status-publish","format-standard","has-post-thumbnail","hentry","category-general","category-portada"],"post_mailing_queue_ids":[],"_links":{"self":[{"href":"https:\/\/agora.xtec.cat\/ceipelsametllers\/wp-json\/wp\/v2\/posts\/1590","targetHints":{"allow":["GET"]}}],"collection":[{"href":"https:\/\/agora.xtec.cat\/ceipelsametllers\/wp-json\/wp\/v2\/posts"}],"about":[{"href":"https:\/\/agora.xtec.cat\/ceipelsametllers\/wp-json\/wp\/v2\/types\/post"}],"author":[{"embeddable":true,"href":"https:\/\/agora.xtec.cat\/ceipelsametllers\/wp-json\/wp\/v2\/users\/1"}],"replies":[{"embeddable":true,"href":"https:\/\/agora.xtec.cat\/ceipelsametllers\/wp-json\/wp\/v2\/comments?post=1590"}],"version-history":[{"count":1,"href":"https:\/\/agora.xtec.cat\/ceipelsametllers\/wp-json\/wp\/v2\/posts\/1590\/revisions"}],"predecessor-version":[{"id":1592,"href":"https:\/\/agora.xtec.cat\/ceipelsametllers\/wp-json\/wp\/v2\/posts\/1590\/revisions\/1592"}],"wp:featuredmedia":[{"embeddable":true,"href":"https:\/\/agora.xtec.cat\/ceipelsametllers\/wp-json\/wp\/v2\/media\/1591"}],"wp:attachment":[{"href":"https:\/\/agora.xtec.cat\/ceipelsametllers\/wp-json\/wp\/v2\/media?parent=1590"}],"wp:term":[{"taxonomy":"category","embeddable":true,"href":"https:\/\/agora.xtec.cat\/ceipelsametllers\/wp-json\/wp\/v2\/categories?post=1590"},{"taxonomy":"post_tag","embeddable":true,"href":"https:\/\/agora.xtec.cat\/ceipelsametllers\/wp-json\/wp\/v2\/tags?post=1590"}],"curies":[{"name":"wp","href":"https:\/\/api.w.org\/{rel}","templated":true}]}}