{"id":1158,"date":"2017-10-29T19:58:24","date_gmt":"2017-10-29T18:58:24","guid":{"rendered":"http:\/\/agora.xtec.cat\/ceipelsametllers\/?p=1158"},"modified":"2017-10-29T20:01:04","modified_gmt":"2017-10-29T19:01:04","slug":"comencem-els-tallers-a-cicle-mitja","status":"publish","type":"post","link":"https:\/\/agora.xtec.cat\/ceipelsametllers\/portada\/comencem-els-tallers-a-cicle-mitja\/","title":{"rendered":"Comencem els tallers a Cicle Mitj\u00e0"},"content":{"rendered":"<p><a href=\"http:\/\/agora.xtec.cat\/ceipelsametllers\/wp-content\/uploads\/usu1019\/2017\/10\/IMG_20171027_153631-e1509303229623.jpg\"><img loading=\"lazy\" decoding=\"async\" class=\"alignnone size-large wp-image-1159\" src=\"http:\/\/agora.xtec.cat\/ceipelsametllers\/wp-content\/uploads\/usu1019\/2017\/10\/IMG_20171027_153631-e1509303229623-1024x768.jpg\" alt=\"\" width=\"1024\" height=\"768\" srcset=\"https:\/\/agora.xtec.cat\/ceipelsametllers\/wp-content\/uploads\/usu1019\/2017\/10\/IMG_20171027_153631-e1509303229623-1024x768.jpg 1024w, https:\/\/agora.xtec.cat\/ceipelsametllers\/wp-content\/uploads\/usu1019\/2017\/10\/IMG_20171027_153631-e1509303229623-300x225.jpg 300w, https:\/\/agora.xtec.cat\/ceipelsametllers\/wp-content\/uploads\/usu1019\/2017\/10\/IMG_20171027_153631-e1509303229623-768x576.jpg 768w, https:\/\/agora.xtec.cat\/ceipelsametllers\/wp-content\/uploads\/usu1019\/2017\/10\/IMG_20171027_153631-e1509303229623-200x150.jpg 200w\" sizes=\"auto, (max-width: 1024px) 100vw, 1024px\" \/><\/a><a href=\"http:\/\/agora.xtec.cat\/ceipelsametllers\/wp-content\/uploads\/usu1019\/2017\/10\/IMG_20171027_155738-e1509303253283.jpg\"><img loading=\"lazy\" decoding=\"async\" class=\"alignnone size-large wp-image-1160\" src=\"http:\/\/agora.xtec.cat\/ceipelsametllers\/wp-content\/uploads\/usu1019\/2017\/10\/IMG_20171027_155738-e1509303253283-1024x768.jpg\" alt=\"\" width=\"1024\" height=\"768\" srcset=\"https:\/\/agora.xtec.cat\/ceipelsametllers\/wp-content\/uploads\/usu1019\/2017\/10\/IMG_20171027_155738-e1509303253283-1024x768.jpg 1024w, https:\/\/agora.xtec.cat\/ceipelsametllers\/wp-content\/uploads\/usu1019\/2017\/10\/IMG_20171027_155738-e1509303253283-300x225.jpg 300w, https:\/\/agora.xtec.cat\/ceipelsametllers\/wp-content\/uploads\/usu1019\/2017\/10\/IMG_20171027_155738-e1509303253283-768x576.jpg 768w, https:\/\/agora.xtec.cat\/ceipelsametllers\/wp-content\/uploads\/usu1019\/2017\/10\/IMG_20171027_155738-e1509303253283-200x150.jpg 200w\" sizes=\"auto, (max-width: 1024px) 100vw, 1024px\" \/><\/a><a href=\"http:\/\/agora.xtec.cat\/ceipelsametllers\/wp-content\/uploads\/usu1019\/2017\/10\/IMG_20171027_155747-e1509303285523.jpg\"><img loading=\"lazy\" decoding=\"async\" class=\"alignnone size-large wp-image-1161\" src=\"http:\/\/agora.xtec.cat\/ceipelsametllers\/wp-content\/uploads\/usu1019\/2017\/10\/IMG_20171027_155747-e1509303285523-1024x768.jpg\" alt=\"\" width=\"1024\" height=\"768\" srcset=\"https:\/\/agora.xtec.cat\/ceipelsametllers\/wp-content\/uploads\/usu1019\/2017\/10\/IMG_20171027_155747-e1509303285523-1024x768.jpg 1024w, https:\/\/agora.xtec.cat\/ceipelsametllers\/wp-content\/uploads\/usu1019\/2017\/10\/IMG_20171027_155747-e1509303285523-300x225.jpg 300w, https:\/\/agora.xtec.cat\/ceipelsametllers\/wp-content\/uploads\/usu1019\/2017\/10\/IMG_20171027_155747-e1509303285523-768x576.jpg 768w, https:\/\/agora.xtec.cat\/ceipelsametllers\/wp-content\/uploads\/usu1019\/2017\/10\/IMG_20171027_155747-e1509303285523-200x150.jpg 200w\" sizes=\"auto, (max-width: 1024px) 100vw, 1024px\" \/><\/a><\/p>\n<p>Aquest divendres els alumnes de Cicle Mitj\u00e0 van comen\u00e7ar els tallers d&#8217;aquest nou curs. Aqu\u00ed teniu unes imatges del taller d&#8217;Educaci\u00f3 Art\u00edstica.<\/p>\n","protected":false},"excerpt":{"rendered":"<p><a href=\"http:\/\/agora.xtec.cat\/ceipelsametllers\/wp-content\/uploads\/usu1019\/2017\/10\/IMG_20171027_153631-e1509303229623.jpg\"><\/a><a href=\"http:\/\/agora.xtec.cat\/ceipelsametllers\/wp-content\/uploads\/usu1019\/2017\/10\/IMG_20171027_155738-e1509303253283.jpg\"><\/a><a href=\"http:\/\/agora.xtec.cat\/ceipelsametllers\/wp-content\/uploads\/usu1019\/2017\/10\/IMG_20171027_155747-e1509303285523.jpg\"><\/a><br \/>\nAquest divendres els alumnes de Cicle Mitj\u00e0 van comen\u00e7ar els tallers d&#8217;aquest nou curs. Aqu\u00ed teniu unes imatges del taller d&#8217;Educaci\u00f3 Art\u00edstica.<\/p>\n","protected":false},"author":3,"featured_media":1160,"comment_status":"open","ping_status":"closed","sticky":false,"template":"","format":"standard","meta":{"_bbp_topic_count":0,"_bbp_reply_count":0,"_bbp_total_topic_count":0,"_bbp_total_reply_count":0,"_bbp_voice_count":0,"_bbp_anonymous_reply_count":0,"_bbp_topic_count_hidden":0,"_bbp_reply_count_hidden":0,"_bbp_forum_subforum_count":0,"footnotes":""},"categories":[12,13,37,4],"tags":[],"class_list":["post-1158","post","type-post","status-publish","format-standard","has-post-thumbnail","hentry","category-3r","category-4t","category-escola","category-portada"],"post_mailing_queue_ids":[],"_links":{"self":[{"href":"https:\/\/agora.xtec.cat\/ceipelsametllers\/wp-json\/wp\/v2\/posts\/1158","targetHints":{"allow":["GET"]}}],"collection":[{"href":"https:\/\/agora.xtec.cat\/ceipelsametllers\/wp-json\/wp\/v2\/posts"}],"about":[{"href":"https:\/\/agora.xtec.cat\/ceipelsametllers\/wp-json\/wp\/v2\/types\/post"}],"author":[{"embeddable":true,"href":"https:\/\/agora.xtec.cat\/ceipelsametllers\/wp-json\/wp\/v2\/users\/3"}],"replies":[{"embeddable":true,"href":"https:\/\/agora.xtec.cat\/ceipelsametllers\/wp-json\/wp\/v2\/comments?post=1158"}],"version-history":[{"count":1,"href":"https:\/\/agora.xtec.cat\/ceipelsametllers\/wp-json\/wp\/v2\/posts\/1158\/revisions"}],"predecessor-version":[{"id":1162,"href":"https:\/\/agora.xtec.cat\/ceipelsametllers\/wp-json\/wp\/v2\/posts\/1158\/revisions\/1162"}],"wp:featuredmedia":[{"embeddable":true,"href":"https:\/\/agora.xtec.cat\/ceipelsametllers\/wp-json\/wp\/v2\/media\/1160"}],"wp:attachment":[{"href":"https:\/\/agora.xtec.cat\/ceipelsametllers\/wp-json\/wp\/v2\/media?parent=1158"}],"wp:term":[{"taxonomy":"category","embeddable":true,"href":"https:\/\/agora.xtec.cat\/ceipelsametllers\/wp-json\/wp\/v2\/categories?post=1158"},{"taxonomy":"post_tag","embeddable":true,"href":"https:\/\/agora.xtec.cat\/ceipelsametllers\/wp-json\/wp\/v2\/tags?post=1158"}],"curies":[{"name":"wp","href":"https:\/\/api.w.org\/{rel}","templated":true}]}}