{"id":1140,"date":"2017-11-07T13:07:15","date_gmt":"2017-11-07T12:07:15","guid":{"rendered":"http:\/\/agora.xtec.cat\/ceipelsametllers\/?p=1140"},"modified":"2017-11-07T13:08:38","modified_gmt":"2017-11-07T12:08:38","slug":"ha-arribat-la-tardor-a-lescola","status":"publish","type":"post","link":"https:\/\/agora.xtec.cat\/ceipelsametllers\/general\/ha-arribat-la-tardor-a-lescola\/","title":{"rendered":"Ha Arribat la Tardor a l&#8217;Escola"},"content":{"rendered":"<p><a href=\"http:\/\/agora.xtec.cat\/ceipelsametllers\/wp-content\/uploads\/usu1019\/2017\/10\/IMG_20171023_130543-1600x1200.jpg\"><img loading=\"lazy\" decoding=\"async\" class=\"alignnone size-full wp-image-1147\" src=\"http:\/\/agora.xtec.cat\/ceipelsametllers\/wp-content\/uploads\/usu1019\/2017\/10\/IMG_20171023_130543-1600x1200.jpg\" alt=\"\" width=\"600\" height=\"800\" srcset=\"https:\/\/agora.xtec.cat\/ceipelsametllers\/wp-content\/uploads\/usu1019\/2017\/10\/IMG_20171023_130543-1600x1200.jpg 600w, https:\/\/agora.xtec.cat\/ceipelsametllers\/wp-content\/uploads\/usu1019\/2017\/10\/IMG_20171023_130543-1600x1200-225x300.jpg 225w\" sizes=\"auto, (max-width: 600px) 100vw, 600px\" \/><\/a><a href=\"http:\/\/agora.xtec.cat\/ceipelsametllers\/wp-content\/uploads\/usu1019\/2017\/10\/IMG_20171023_130527-1600x1200.jpg\"><img loading=\"lazy\" decoding=\"async\" class=\"alignnone size-full wp-image-1145\" src=\"http:\/\/agora.xtec.cat\/ceipelsametllers\/wp-content\/uploads\/usu1019\/2017\/10\/IMG_20171023_130527-1600x1200.jpg\" alt=\"\" width=\"600\" height=\"800\" srcset=\"https:\/\/agora.xtec.cat\/ceipelsametllers\/wp-content\/uploads\/usu1019\/2017\/10\/IMG_20171023_130527-1600x1200.jpg 600w, https:\/\/agora.xtec.cat\/ceipelsametllers\/wp-content\/uploads\/usu1019\/2017\/10\/IMG_20171023_130527-1600x1200-225x300.jpg 225w\" sizes=\"auto, (max-width: 600px) 100vw, 600px\" \/><\/a><a href=\"http:\/\/agora.xtec.cat\/ceipelsametllers\/wp-content\/uploads\/usu1019\/2017\/10\/IMG_20171023_130534-1600x1200.jpg\"><img loading=\"lazy\" decoding=\"async\" class=\"alignnone size-full wp-image-1146\" src=\"http:\/\/agora.xtec.cat\/ceipelsametllers\/wp-content\/uploads\/usu1019\/2017\/10\/IMG_20171023_130534-1600x1200.jpg\" alt=\"\" width=\"600\" height=\"800\" srcset=\"https:\/\/agora.xtec.cat\/ceipelsametllers\/wp-content\/uploads\/usu1019\/2017\/10\/IMG_20171023_130534-1600x1200.jpg 600w, https:\/\/agora.xtec.cat\/ceipelsametllers\/wp-content\/uploads\/usu1019\/2017\/10\/IMG_20171023_130534-1600x1200-225x300.jpg 225w\" sizes=\"auto, (max-width: 600px) 100vw, 600px\" \/><\/a><a href=\"http:\/\/agora.xtec.cat\/ceipelsametllers\/wp-content\/uploads\/usu1019\/2017\/10\/IMG_20171023_130524-1600x1200.jpg\"><img loading=\"lazy\" decoding=\"async\" class=\"alignnone size-full wp-image-1144\" src=\"http:\/\/agora.xtec.cat\/ceipelsametllers\/wp-content\/uploads\/usu1019\/2017\/10\/IMG_20171023_130524-1600x1200.jpg\" alt=\"\" width=\"600\" height=\"800\" srcset=\"https:\/\/agora.xtec.cat\/ceipelsametllers\/wp-content\/uploads\/usu1019\/2017\/10\/IMG_20171023_130524-1600x1200.jpg 600w, https:\/\/agora.xtec.cat\/ceipelsametllers\/wp-content\/uploads\/usu1019\/2017\/10\/IMG_20171023_130524-1600x1200-225x300.jpg 225w\" sizes=\"auto, (max-width: 600px) 100vw, 600px\" \/><\/a><a href=\"http:\/\/agora.xtec.cat\/ceipelsametllers\/wp-content\/uploads\/usu1019\/2017\/10\/IMG_20171023_125426-1600x1200.jpg\"><img loading=\"lazy\" decoding=\"async\" class=\"alignnone size-full wp-image-1142\" src=\"http:\/\/agora.xtec.cat\/ceipelsametllers\/wp-content\/uploads\/usu1019\/2017\/10\/IMG_20171023_125426-1600x1200.jpg\" alt=\"\" width=\"800\" height=\"600\" srcset=\"https:\/\/agora.xtec.cat\/ceipelsametllers\/wp-content\/uploads\/usu1019\/2017\/10\/IMG_20171023_125426-1600x1200.jpg 800w, https:\/\/agora.xtec.cat\/ceipelsametllers\/wp-content\/uploads\/usu1019\/2017\/10\/IMG_20171023_125426-1600x1200-300x225.jpg 300w, https:\/\/agora.xtec.cat\/ceipelsametllers\/wp-content\/uploads\/usu1019\/2017\/10\/IMG_20171023_125426-1600x1200-768x576.jpg 768w, https:\/\/agora.xtec.cat\/ceipelsametllers\/wp-content\/uploads\/usu1019\/2017\/10\/IMG_20171023_125426-1600x1200-200x150.jpg 200w\" sizes=\"auto, (max-width: 800px) 100vw, 800px\" \/><\/a><a href=\"http:\/\/agora.xtec.cat\/ceipelsametllers\/wp-content\/uploads\/usu1019\/2017\/10\/IMG_20171023_125440-1600x1200.jpg\"><img loading=\"lazy\" decoding=\"async\" class=\"alignnone size-full wp-image-1143\" src=\"http:\/\/agora.xtec.cat\/ceipelsametllers\/wp-content\/uploads\/usu1019\/2017\/10\/IMG_20171023_125440-1600x1200.jpg\" alt=\"\" width=\"800\" height=\"600\" srcset=\"https:\/\/agora.xtec.cat\/ceipelsametllers\/wp-content\/uploads\/usu1019\/2017\/10\/IMG_20171023_125440-1600x1200.jpg 800w, https:\/\/agora.xtec.cat\/ceipelsametllers\/wp-content\/uploads\/usu1019\/2017\/10\/IMG_20171023_125440-1600x1200-300x225.jpg 300w, https:\/\/agora.xtec.cat\/ceipelsametllers\/wp-content\/uploads\/usu1019\/2017\/10\/IMG_20171023_125440-1600x1200-768x576.jpg 768w, https:\/\/agora.xtec.cat\/ceipelsametllers\/wp-content\/uploads\/usu1019\/2017\/10\/IMG_20171023_125440-1600x1200-200x150.jpg 200w\" sizes=\"auto, (max-width: 800px) 100vw, 800px\" \/><\/a><\/p>\n<p>Tot i que tard aquest any, la fresca va arribant, les fulles comencen a caure i el paisatge va cambiant.<\/p>\n<p>Els nens i nenes ja us deuen haver dit que han treballat molt per decorar l&#8217;entrada i donar-li un color de tardor.<\/p>\n<p>Avui ens tocava a nosaltres donar-li forma a tot el seu treball i que qued\u00e9s ben vist\u00f3s; castanyes planes, castanyes en 3D, fades i follets,\u00a0 arbres m\u00e0gics que semblen que agafin vida i n\u00favols que plouen ll\u00e0girmes de fantasia i purpurina.<\/p>\n<p>Us convidem al nostre bosc de fades i donem la benvinguda a la tardor i a la festa de la castanyada.<\/p>\n","protected":false},"excerpt":{"rendered":"<p><a href=\"http:\/\/agora.xtec.cat\/ceipelsametllers\/wp-content\/uploads\/usu1019\/2017\/10\/IMG_20171023_130543-1600x1200.jpg\"><\/a><a href=\"http:\/\/agora.xtec.cat\/ceipelsametllers\/wp-content\/uploads\/usu1019\/2017\/10\/IMG_20171023_130527-1600x1200.jpg\"><\/a><a href=\"http:\/\/agora.xtec.cat\/ceipelsametllers\/wp-content\/uploads\/usu1019\/2017\/10\/IMG_20171023_130534-1600x1200.jpg\"><\/a><a href=\"http:\/\/agora.xtec.cat\/ceipelsametllers\/wp-content\/uploads\/usu1019\/2017\/10\/IMG_20171023_130524-1600x1200.jpg\"><\/a><a href=\"http:\/\/agora.xtec.cat\/ceipelsametllers\/wp-content\/uploads\/usu1019\/2017\/10\/IMG_20171023_125426-1600x1200.jpg\"><\/a><a href=\"http:\/\/agora.xtec.cat\/ceipelsametllers\/wp-content\/uploads\/usu1019\/2017\/10\/IMG_20171023_125440-1600x1200.jpg\"><\/a><br \/>\nTot i que tard aquest any, la fresca va arribant, les fulles comencen a caure i el paisatge va cambiant.<br \/>\nEls nens i nenes ja us deuen haver dit que han treballat molt per decorar l&#8217;entrada i donar-li un color&hellip;  <a href=\"https:\/\/agora.xtec.cat\/ceipelsametllers\/general\/ha-arribat-la-tardor-a-lescola\/\" title=\"Read Ha Arribat la Tardor a l&#8217;Escola\">Llegeix m\u00e9s\u00bb<\/a><\/p>\n","protected":false},"author":3,"featured_media":1163,"comment_status":"open","ping_status":"closed","sticky":false,"template":"","format":"standard","meta":{"_bbp_topic_count":0,"_bbp_reply_count":0,"_bbp_total_topic_count":0,"_bbp_total_reply_count":0,"_bbp_voice_count":0,"_bbp_anonymous_reply_count":0,"_bbp_topic_count_hidden":0,"_bbp_reply_count_hidden":0,"_bbp_forum_subforum_count":0,"footnotes":""},"categories":[37,36,1,4],"tags":[],"class_list":["post-1140","post","type-post","status-publish","format-standard","has-post-thumbnail","hentry","category-escola","category-festes","category-general","category-portada"],"post_mailing_queue_ids":[],"_links":{"self":[{"href":"https:\/\/agora.xtec.cat\/ceipelsametllers\/wp-json\/wp\/v2\/posts\/1140","targetHints":{"allow":["GET"]}}],"collection":[{"href":"https:\/\/agora.xtec.cat\/ceipelsametllers\/wp-json\/wp\/v2\/posts"}],"about":[{"href":"https:\/\/agora.xtec.cat\/ceipelsametllers\/wp-json\/wp\/v2\/types\/post"}],"author":[{"embeddable":true,"href":"https:\/\/agora.xtec.cat\/ceipelsametllers\/wp-json\/wp\/v2\/users\/3"}],"replies":[{"embeddable":true,"href":"https:\/\/agora.xtec.cat\/ceipelsametllers\/wp-json\/wp\/v2\/comments?post=1140"}],"version-history":[{"count":3,"href":"https:\/\/agora.xtec.cat\/ceipelsametllers\/wp-json\/wp\/v2\/posts\/1140\/revisions"}],"predecessor-version":[{"id":1149,"href":"https:\/\/agora.xtec.cat\/ceipelsametllers\/wp-json\/wp\/v2\/posts\/1140\/revisions\/1149"}],"wp:featuredmedia":[{"embeddable":true,"href":"https:\/\/agora.xtec.cat\/ceipelsametllers\/wp-json\/wp\/v2\/media\/1163"}],"wp:attachment":[{"href":"https:\/\/agora.xtec.cat\/ceipelsametllers\/wp-json\/wp\/v2\/media?parent=1140"}],"wp:term":[{"taxonomy":"category","embeddable":true,"href":"https:\/\/agora.xtec.cat\/ceipelsametllers\/wp-json\/wp\/v2\/categories?post=1140"},{"taxonomy":"post_tag","embeddable":true,"href":"https:\/\/agora.xtec.cat\/ceipelsametllers\/wp-json\/wp\/v2\/tags?post=1140"}],"curies":[{"name":"wp","href":"https:\/\/api.w.org\/{rel}","templated":true}]}}